{"id":3344,"date":"2013-12-27T12:52:04","date_gmt":"2013-12-27T10:52:04","guid":{"rendered":"https:\/\/www.otiad.org.tr\/?p=3344"},"modified":"2023-07-12T12:52:19","modified_gmt":"2023-07-12T09:52:19","slug":"ithib-8-kumas-tasarim-yarismasinda-ilke-usluca","status":"publish","type":"post","link":"https:\/\/www.otiad.org.tr\/ru\/27\/12\/2013\/12\/52\/ithib-8-kumas-tasarim-yarismasinda-ilke-usluca\/","title":{"rendered":"\u0418\u043b\u044c\u043a\u0435 \u0423\u0441\u043b\u0443\u043a\u0430 \u0432 8-\u043c \u043a\u043e\u043d\u043a\u0443\u0440\u0441\u0435 \u0434\u0438\u0437\u0430\u0439\u043d\u0430 \u0442\u043a\u0430\u043d\u0435\u0439 ITHIB..."},"content":{"rendered":"<p>\u0130TH\u0130B 8. Kuma\u015f Tasar\u0131m Yar\u0131\u015fmas\u0131\u2019nda\u0130lke Usluca<br>\u201c\u00c7eken ve \u00e7ekmeyen ipli\u011fi bulu\u015fturdu\u201d birinci oldu\u2026<\/p>\n\n\n\n<p>\u0130TH\u0130B 8. Kuma\u015f Tasar\u0131m Yar\u0131\u015fmas\u0131\u2019nda, \u00e7ift katl\u0131 torba dokuma tekni\u011fiyle, \u00e7eken ve \u00e7ekmeyen ipli\u011fi ayn\u0131 kuma\u015fta bulu\u015fturan \u0130lke Usluca birinci oldu. \u0130TH\u0130B Y\u00f6netim Kurulu Ba\u015fkan\u0131 \u0130smail G\u00fclle\u2019nin uluslararas\u0131 arenaya ta\u015f\u0131mak istediklerini s\u00f6yledi\u011fi yar\u0131\u015fmada, bu y\u0131l ilk kez Japon \u00f6\u011frenciler Osmanl\u0131 k\u0131yafetlerinden esinlenerek haz\u0131rlad\u0131klar\u0131 koleksiyonlar\u0131 sergiledi.<\/p>\n\n\n\n<p>\u0130stanbul Tekstil ve Hammaddeleri \u0130hracat\u00e7\u0131lar\u0131 Birli\u011fi\u2019nin (\u0130TH\u0130B) sekt\u00f6re katma de\u011fer sa\u011flamak amac\u0131yla d\u00fczenledi\u011fi en \u00f6nemli projelerinden olan \u201cKuma\u015f Tasar\u0131m Yar\u0131\u015fmas\u0131\u201d bu y\u0131l da muhte\u015fem bir geceye ev sahipli\u011fi yapt\u0131. 25 Aral\u0131k\u2019ta ger\u00e7ekle\u015fen, ekonomi ve i\u015f d\u00fcnyas\u0131ndan \u00e7ok say\u0131da ismin kat\u0131ld\u0131\u011f\u0131 \u201c\u0130TH\u0130B 8. Kuma\u015f Tasar\u0131m Yar\u0131\u015fmas\u0131\u201dnda, birincilik \u00f6d\u00fcl\u00fc \u201cArakne\u201d temas\u0131yla yar\u0131\u015fan \u0130lke Usluca\u2019n\u0131n oldu. Mimar Sinan G\u00fczel Sanatlar \u00dcniversitesi\u2019nde Tekstil ve Moda Tasar\u0131m\u0131 \u00f6\u011frenimi g\u00f6ren \u0130lke Usluca, sekt\u00f6rde yeni bir teknik olarak g\u00f6r\u00fclen, \u00e7eken ve \u00e7ekmeyen iplikleri bir arada kulland\u0131\u011f\u0131 ve farkl\u0131 bir doku elde etti\u011fi kuma\u015f\u0131yla birinci oldu. \u00c7ift katl\u0131 torba tekni\u011fi ile dokunan kuma\u015flar\u0131, \u00e7arp\u0131c\u0131 desenleri ile harmanlayan Usluca, ilgi oda\u011f\u0131 olmaya ba\u015fararak yar\u0131\u015fman\u0131n galibi olmay\u0131 ba\u015fard\u0131. Toplam alt\u0131 finalistin yar\u0131\u015ft\u0131\u011f\u0131 gecede, kuma\u015flar\u0131n\u0131 \u201cG\u00f6lge\u201d temas\u0131yla tasarlayan Bahar Meydan ikinci, \u201cK\u0131rm\u0131z\u0131 Lahana\u201d temas\u0131yla haz\u0131rlayan Merve Ulu \u00fc\u00e7\u00fcnc\u00fc oldu.<\/p>\n\n\n\n<p>\u0130TH\u0130B Y\u00f6netim Kurulu\u2019nun ev sahipli\u011fi yapt\u0131\u011f\u0131 geceye, T\u00fcrkiye \u0130hracat\u00e7\u0131lar Meclisi (T\u0130M) Ba\u015fkan\u0131 Mehmet B\u00fcy\u00fckek\u015fi, Ekonomi Bakanl\u0131\u011f\u0131 \u0130hracat Genel M\u00fcd\u00fcr Yard\u0131mc\u0131s\u0131 Yavuz \u00d6zutku, \u0130TH\u0130B Y\u00f6netim Kurulu Ba\u015fkan\u0131 \u0130smail G\u00fclle, \u0130TH\u0130B Y\u00f6netim Kurulu Ba\u015fkan Yard\u0131mc\u0131s\u0131 Tamer Pala, \u0130stanbul Haz\u0131r Giyim ve Konfeksiyon \u0130hracat\u00e7\u0131lar\u0131 Birli\u011fi Ba\u015fkan\u0131 Hikmet Tanr\u0131verdi, OT\u0130AD Y\u00f6netim Kurulu Ba\u015fkan\u0131 Ali Ulvi Orhan\u2019n\u0131n yan\u0131nda, tekstil ve haz\u0131r giyim sekt\u00f6r\u00fc ba\u015fta olmak \u00fczere ekonomi ve i\u015f d\u00fcnyas\u0131ndan \u00e7ok say\u0131da \u00f6nemli isim kat\u0131ld\u0131.<\/p>\n\n\n\n<p>T\u0130M Ba\u015fkan\u0131 Mehmet B\u00fcy\u00fckek\u015fi, gecede yapt\u0131\u011f\u0131 konu\u015fmada 19 farkl\u0131 sekt\u00f6rde tasar\u0131m yar\u0131\u015fmas\u0131, dokuz farkl\u0131 sekt\u00f6rde Ar-Ge Proje Pazar\u0131 d\u00fczenlediklerini s\u00f6yledi. \u0130novasyona katk\u0131 sa\u011flayan bu t\u00fcr \u00e7al\u0131\u015fmalarla ihracat art\u0131\u015f\u0131na kat \u00fcst\u00fcne kat in\u015fa ettiklerini belirten B\u00fcy\u00fckek\u015fi, \u201c\u0130TH\u0130B\u2019in d\u00fczenledi\u011fi Kuma\u015f Tasar\u0131m Yar\u0131\u015fmas\u0131 da 2023\u2019te 20 milyar dolar olan tekstil ihracat\u0131 hedefine \u00f6nemli katk\u0131 sa\u011flayacakt\u0131r\u201d diye konu\u015ftu.<\/p>\n\n\n\n<p>\u201cUluslararas\u0131 arenaya ta\u015f\u0131mak istiyoruz\u201d<\/p>\n\n\n\n<p>\u0130TH\u0130B Y\u00f6netim Kurulu Ba\u015fkan\u0131 \u0130smail G\u00fclle de, moda tasar\u0131mc\u0131lar\u0131n\u0131n d\u00fcnyan\u0131n her yerinde kuma\u015f aray\u0131\u015f\u0131 i\u00e7inde oldu\u011funu, T\u00fcrkiye\u2019nin katma de\u011fere sahip kuma\u015flarda \u00f6ne \u00e7\u0131kmas\u0131nda bu t\u00fcr yar\u0131\u015fmalar\u0131n katk\u0131 sa\u011flad\u0131\u011f\u0131na dikkat \u00e7ekti. Tekstilin, sanat gibi evrensel bir de\u011fer oldu\u011funun alt\u0131n\u0131 \u00e7izen G\u00fclle, \u201cBu y\u0131l 8.sini d\u00fczenledi\u011fimiz Kuma\u015f Tasar\u0131m Yar\u0131\u015fmas\u0131 da evrenselli\u011fe hizmet ediyor. Yar\u0131\u015fma kapsam\u0131nda bu y\u0131l ilk kez, Cumhurba\u015fkanl\u0131\u011f\u0131m\u0131z himayesinde, 36 \u00fclkede T\u00fcrk k\u00fclt\u00fcr\u00fcn\u00fc geli\u015ftirmek i\u00e7in faaliyet s\u00fcrd\u00fcren Yunus Emre Enstit\u00fcs\u00fc ile Tokyo Bunka Gakuen Moda \u00dcniversitesi\u2019nin bir i\u015fbirli\u011fi oldu. Japon \u00f6\u011frenciler, Osmanl\u0131 k\u0131yafetlerinden esinlenerek \u0130TH\u0130B \u00fcyelerimiz taraf\u0131ndan sa\u011flanan kuma\u015flarla koleksiyonlar haz\u0131rlad\u0131lar ve yar\u0131\u015fmada sergiye a\u00e7t\u0131lar. Sekt\u00f6re katma de\u011fer sa\u011flama \u00e7abalar\u0131m\u0131z, bu t\u00fcr \u00e7al\u0131\u015fmalarla anlam buluyor\u201d dedi.<\/p>\n\n\n\n<p>Bu y\u0131l\u0131 genel ihracat art\u0131\u015f\u0131n\u0131n \u00fczerinde bir performans ile kapatt\u0131klar\u0131n\u0131 belirten G\u00fclle, s\u00f6zlerini \u015f\u00f6yle tamamlad\u0131: \u201cKuma\u015f Tasar\u0131m Yar\u0131\u015fmas\u0131\u2019n\u0131 uluslararas\u0131 arenaya ta\u015f\u0131mak istiyoruz. Her y\u0131l ba\u015far\u0131l\u0131 bir grafik sergileyen tekstil sekt\u00f6r\u00fc olarak bu g\u00fcce sahip durumday\u0131z. Sekt\u00f6r\u00fcn ba\u015far\u0131s\u0131nda eme\u011fi ge\u00e7en herkese \u00e7ok te\u015fekk\u00fcr ederim.\u201d<\/p>\n\n\n\n<p>20 bin TL\u2019ye yak\u0131n para \u00f6d\u00fcl\u00fc ve yurtd\u0131\u015f\u0131nda e\u011fitim imkan\u0131<\/p>\n\n\n\n<p>T\u00fcrkiye\u2019de tekstil sekt\u00f6r\u00fcn\u00fcn yarat\u0131c\u0131 g\u00fcc\u00fcn\u00fcn art\u0131r\u0131lmas\u0131 ve yetenekli gen\u00e7lerin \u00f6zg\u00fcn tasar\u0131mlar\u0131n\u0131n te\u015fvik edilmesi amac\u0131yla d\u00fczenlenen yar\u0131\u015fmaya bu y\u0131l da \u00e7ok say\u0131da ba\u015fvuru oldu. J\u00fcrinin iki a\u015famadan olu\u015fan de\u011ferlendirme s\u00fcrecinin ard\u0131ndan alt\u0131 finalist belirlendi. Finalistlerin tasarlad\u0131\u011f\u0131 kuma\u015flar, d\u00fcn ak\u015fam moda tasar\u0131mc\u0131s\u0131 Nihan Buruk\u2019un k\u0131yafetlere d\u00f6n\u00fc\u015ft\u00fcrd\u00fc\u011f\u00fc g\u00f6rkemli bir defilede j\u00fcri ve konuklar\u0131n be\u011fenisine sunuldu. J\u00fcrinin oylar\u0131 ile yar\u0131\u015fmada birinci olan \u0130lke Usluca, yurtd\u0131\u015f\u0131nda e\u011fitim, d\u00fcnyan\u0131n en \u00f6nemli ve en kapsaml\u0131 kuma\u015f fuar\u0131 Premi\u00e9re Vision Paris fuar\u0131n\u0131 ziyaret, yurt i\u00e7inde alt\u0131 ay \u0130ngilizce dil e\u011fitimi hakk\u0131 elde ederken, ayr\u0131ca 10 bin TL para \u00f6d\u00fcl\u00fc kazand\u0131. \u0130kinci Bahar Meydan 6 bin TL ve \u00fc\u00e7\u00fcnc\u00fc Merve Ulu da 3 bin TL para \u00f6d\u00fcl\u00fc ald\u0131. Gecede ayr\u0131ca tasar\u0131mlar\u0131n \u00fcretilmesi a\u015famas\u0131nda sponsor olan MABA, Ko\u00e7aklar, BTD ve Migiboy gibi firmalara da te\u015fekk\u00fcr plaketi verildi.<\/p>\n\n\n\n<p>Resim alt\u0131:<\/p>\n\n\n\n<p>\u0130TH\u0130B 8. Kuma\u015f Tasar\u0131m Yar\u0131\u015fmas\u0131\u2019nda birincilik \u00f6d\u00fcl\u00fcn\u00fc T\u0130M Ba\u015fkan\u0131 Mehmet B\u00fcy\u00fckek\u015fi, ikincilik \u00f6d\u00fcl\u00fcn\u00fc Ekonomi Bakanl\u0131\u011f\u0131 \u0130hracat Genel M\u00fcd\u00fcr Yard\u0131mc\u0131s\u0131 Yavuz \u00d6zutku ve \u00fc\u00e7\u00fcnc\u00fcl\u00fck \u00f6d\u00fcl\u00fcn\u00fc \u0130TH\u0130B Y\u00f6netim Kurulu Ba\u015fkan\u0131 \u0130smail G\u00fclle takdim etti.<\/p>","protected":false},"excerpt":{"rendered":"<p class=\"tx-excerpt\">\u0420\u0430\u0431\u043e\u0442\u0430 \u0418\u043b\u044c\u043a\u0435 \u0423\u0441\u043b\u0443\u043a\u0430 \"\u0421\u043e\u0447\u0435\u0442\u0430\u043d\u0438\u0435 \u043f\u0440\u0438\u0432\u043b\u0435\u043a\u0430\u044e\u0449\u0435\u0439 \u0438 \u043d\u0435\u043f\u0440\u0438\u0432\u043b\u0435\u043a\u0430\u044e\u0449\u0435\u0439 \u043f\u0440\u044f\u0436\u0438\" \u0437\u0430\u043d\u044f\u043b\u0430 \u043f\u0435\u0440\u0432\u043e\u0435 \u043c\u0435\u0441\u0442\u043e \u0432 8-\u043c \u043a\u043e\u043d\u043a\u0443\u0440\u0441\u0435 \u0434\u0438\u0437\u0430\u0439\u043d\u0430 \u0442\u043a\u0430\u043d\u0435\u0439 ITHIB... \u0418\u043b\u044c\u043a\u0435 \u0423\u0441\u043b\u0443\u043a\u0430, \u0441\u043e\u0447\u0435\u0442\u0430\u0432\u0448\u0438\u0439 \u043f\u0440\u0438\u0432\u043b\u0435\u043a\u0430\u044e\u0449\u0443\u044e \u0438 \u043d\u0435\u043f\u0440\u0438\u0432\u043b\u0435\u043a\u0430\u044e\u0449\u0443\u044e \u043f\u0440\u044f\u0436\u0443 \u0432 \u043e\u0434\u043d\u043e\u0439 \u0442\u043a\u0430\u043d\u0438 \u0441 \u043f\u043e\u043c\u043e\u0449\u044c\u044e \u0442\u0435\u0445\u043d\u0438\u043a\u0438 \u0434\u0432\u0443\u0445\u0441\u043b\u043e\u0439\u043d\u043e\u0433\u043e \u043c\u0435\u0448\u043e\u0447\u043d\u043e\u0433\u043e \u0442\u043a\u0430\u0447\u0435\u0441\u0442\u0432\u0430 \u0432 8-\u043c \u043a\u043e\u043d\u043a\u0443\u0440\u0441\u0435 \u0434\u0438\u0437\u0430\u0439\u043d\u0430 \u0442\u043a\u0430\u043d\u0435\u0439 ITHIB [...]...\n<\/p>","protected":false},"author":1,"featured_media":0,"comment_status":"open","ping_status":"open","sticky":false,"template":"","format":"standard","meta":{"footnotes":""},"categories":[3],"tags":[],"class_list":["post-3344","post","type-post","status-publish","format-standard","hentry","category-duyurular"],"_links":{"self":[{"href":"https:\/\/www.otiad.org.tr\/ru\/wp-json\/wp\/v2\/posts\/3344","targetHints":{"allow":["GET"]}}],"collection":[{"href":"https:\/\/www.otiad.org.tr\/ru\/wp-json\/wp\/v2\/posts"}],"about":[{"href":"https:\/\/www.otiad.org.tr\/ru\/wp-json\/wp\/v2\/types\/post"}],"author":[{"embeddable":true,"href":"https:\/\/www.otiad.org.tr\/ru\/wp-json\/wp\/v2\/users\/1"}],"replies":[{"embeddable":true,"href":"https:\/\/www.otiad.org.tr\/ru\/wp-json\/wp\/v2\/comments?post=3344"}],"version-history":[{"count":1,"href":"https:\/\/www.otiad.org.tr\/ru\/wp-json\/wp\/v2\/posts\/3344\/revisions"}],"predecessor-version":[{"id":3345,"href":"https:\/\/www.otiad.org.tr\/ru\/wp-json\/wp\/v2\/posts\/3344\/revisions\/3345"}],"wp:attachment":[{"href":"https:\/\/www.otiad.org.tr\/ru\/wp-json\/wp\/v2\/media?parent=3344"}],"wp:term":[{"taxonomy":"category","embeddable":true,"href":"https:\/\/www.otiad.org.tr\/ru\/wp-json\/wp\/v2\/categories?post=3344"},{"taxonomy":"post_tag","embeddable":true,"href":"https:\/\/www.otiad.org.tr\/ru\/wp-json\/wp\/v2\/tags?post=3344"}],"curies":[{"name":"wp","href":"https:\/\/api.w.org\/{rel}","templated":true}]}}