{"id":3342,"date":"2013-12-24T12:50:23","date_gmt":"2013-12-24T10:50:23","guid":{"rendered":"https:\/\/www.otiad.org.tr\/?p=3342"},"modified":"2023-07-12T12:50:46","modified_gmt":"2023-07-12T09:50:46","slug":"diyarbakirli-tekstilciler-ile-ulusal-markalar-bulustu","status":"publish","type":"post","link":"https:\/\/www.otiad.org.tr\/ru\/24\/12\/2013\/12\/50\/diyarbakirli-tekstilciler-ile-ulusal-markalar-bulustu\/","title":{"rendered":"\u041f\u0440\u043e\u0438\u0437\u0432\u043e\u0434\u0438\u0442\u0435\u043b\u0438 \u0442\u0435\u043a\u0441\u0442\u0438\u043b\u044f \u0438 \u043d\u0430\u0446\u0438\u043e\u043d\u0430\u043b\u044c\u043d\u044b\u0435 \u0431\u0440\u0435\u043d\u0434\u044b \u0414\u0438\u044f\u0440\u0431\u0430\u043a\u044b\u0440\u0430."},"content":{"rendered":"<p>Diyarbak\u0131r Ticaret ve Sanayi Odas\u0131(DTSO) taraf\u0131ndan, \u0130talya&#8217;n\u0131n Prato Ticaret Odas\u0131 i\u015fbirli\u011fi ile Tekstil K\u00fcmelenme Projesi \u00e7er\u00e7evesinde yap\u0131lan Diyarbak\u0131r Tekstil ve Haz\u0131r Giyim Sekt\u00f6r\u00fc Yerel ve Ulusal Firmalar \u0130\u015fbirli\u011fi Toplant\u0131s\u0131 Diyarbak\u0131r&#8217;da ger\u00e7ekle\u015ftirildi.<\/p>\n\n\n\n<p>Toplant\u0131n\u0131n moderat\u00f6rl\u00fc\u011f\u00fcn\u00fc yapan DTSO Meclis Ba\u015fkan\u0131 Celalettin Birtane, Uluslararas\u0131 u\u00e7u\u015flar ile s\u0131n\u0131r kap\u0131lar\u0131n\u0131n a\u00e7\u0131lmas\u0131n\u0131n Diyarbak\u0131r i\u00e7in \u00e7ok \u00f6nemli oldu\u011funa de\u011finerek, ekonomik kalk\u0131nma i\u00e7in ihracat\u0131n artt\u0131r\u0131lmas\u0131 gerekti\u011fini ve bunun i\u00e7in de uluslararas\u0131 u\u00e7u\u015flar ile s\u0131n\u0131r kap\u0131lar\u0131n\u0131n a\u00e7\u0131lmas\u0131n\u0131n \u00f6nemli oldu\u011funu belirtti.<\/p>\n\n\n\n<p>Ara spot: Mehmet Aslan &#8220;Sabit yat\u0131r\u0131m oranlar\u0131na bak\u0131ld\u0131\u011f\u0131nda, istihdam, 6. B\u00f6lgede y\u00fczde 13.5 oran\u0131nda ger\u00e7ekle\u015fmi\u015ftir&#8221;<\/p>\n\n\n\n<p>Daha sonra bir sunum yapan DTSO Genel Sekreteri Mehmet Aslan ise, 130. y\u0131l\u0131 kutlanan odan\u0131n tarih\u00e7esini anlatarak 1883 y\u0131l\u0131nda Diyarbak\u0131r Ticaret Meclisi Olarak kurulmu\u015f olan odan\u0131n ilk y\u00f6netim kurulunu tan\u0131tt\u0131ktan sonra, Diyarbak\u0131r sanayi i\u015fletmelerinin sekt\u00f6rel da\u011f\u0131l\u0131m\u0131 ile ihracat rakamlar\u0131 verileri \u00fczerinden detayl\u0131 bir bilgilendirme yaparak &#8216;Sabit yat\u0131r\u0131m oranlar\u0131na bak\u0131ld\u0131\u011f\u0131nda, istihdam, 6. B\u00f6lgede y\u00fczde 13.5 oran\u0131nda ger\u00e7ekle\u015fmi\u015f&#8217; dedi.<\/p>\n\n\n\n<p>&#8220;Diyarbak\u0131r, yat\u0131r\u0131m i\u00e7in \u00e7ok y\u00f6nl\u00fc avantajlara sahip&#8221;<br>DTSO Y\u00f6netim Kurulu Ba\u015fkan\u0131 Ahmet Sayar ise, tekstilde son zamanlarda \u00fcretimde do\u011fuya do\u011fru kayma oldu\u011funa dikkat \u00e7ekerek bat\u0131n\u0131n ise tasar\u0131mda \u00f6ne \u00e7\u0131kt\u0131\u011f\u0131n\u0131 s\u00f6yledi.<br>Sayar konu\u015fmas\u0131na \u015f\u00f6yle devam etti, &#8220;1200 d\u00f6n\u00fcme kurulacak olan Tekstil Kent projesi tamamland\u0131\u011f\u0131nda, \u00fcreticilerin daha avantajl\u0131 bir \u015fekilde \u00fcretim yapma olana\u011f\u0131 olu\u015facak ve istihdam art\u0131\u015f\u0131ger\u00e7ekle\u015fecek. Yat\u0131r\u0131m ve di\u011fer a\u00e7\u0131lardan bakt\u0131\u011f\u0131m\u0131zda Diyarbak\u0131r \u00e7ok avantajl\u0131 bir il. \u00d6zellikle konuma\u00e7\u0131s\u0131ndan ve i\u015fsiz gen\u00e7 n\u00fcfusun y\u00fcksek oran\u0131 nedeniyle avantajlar var. Yine te\u015fvik paketinin i\u015f\u00e7i ve i\u015fveren primi vermesinden kaynakl\u0131 da avantaja sahibiz&#8221; dedi.<\/p>\n\n\n\n<p>&#8220;Diyarbak\u0131r&#8217;a tekstilciyi \u00e7ekmek i\u00e7in g\u00fcven unsuru \u00e7ok \u00f6nemli&#8221;<br>\u0130stanbul Sanayi Odas\u0131 (\u0130SO) Y\u00f6netim Kurulu \u00dcyesi ve Osmanbey Tekstilci \u0130\u015f Adamlar\u0131 Derne\u011fi (OT\u0130AD) Ba\u015fkan\u0131 Ali Ulvi Orhan, &#8220;Diyarbak\u0131r&#8217;a tekstilciyi \u00e7ekmek i\u00e7in g\u00fcven unsuru \u00e7ok \u00f6nemli. S\u00fcre\u00e7 \u00e7ok \u00f6nemli, do\u011fusuyla bat\u0131s\u0131yla T\u00fcrkiye bar\u0131\u015fmal\u0131. Devlet eliyle bar\u0131\u015fma bir yere kadar, insanlar\u0131n kar\u015f\u0131l\u0131kl\u0131 g\u00fcven ortam\u0131n\u0131 sa\u011flamas\u0131 laz\u0131m. Ayn\u0131 azami gayreti g\u00f6stermemiz gerek. Bu siyasi bir mevzu de\u011fildir, toplumsal ve ekonomiktir s\u00f6ylediklerim.&#8221; ifadelerini kulland\u0131.<br>Diyarbak\u0131r&#8217;\u0131n i\u015fsizlik oran\u0131n\u0131n y\u00fcksekli\u011finin \u00f6nemli bir avantaj oldu\u011funu ancak kalifiye eleman sorununun kendisi i\u00e7in bir soru i\u015fareti oldu\u011funu s\u00f6yleyen Orhan, &#8220;6&#8217;\u0131nc\u0131 B\u00f6lgenin serbest b\u00f6lge avantaj\u0131na kavu\u015fturulmas\u0131 da \u00f6nemli bir avantaj sa\u011flayabilir. Burada ihracat a\u011f\u0131rl\u0131kl\u0131 bir tekstil sanayi daha elveri\u015fli olacakt\u0131r diye d\u00fc\u015f\u00fcn\u00fcyorum. Uzakdo\u011fu modeli. Ayr\u0131ca Diyarbak\u0131r; \u0130ran, Irak ve Kafkasya, T\u00fcrki Cumhuriyetler ile Arap \u00fclkelerinden olu\u015fan b\u00fcy\u00fck bir pazar\u0131n orta yerinde. Bu avantaj\u0131 de\u011ferlendirmek laz\u0131m&#8221; \u015feklinde konu\u015ftu.<\/p>\n\n\n\n<p>&#8220;Bug\u00fcne kadar ger\u00e7ekle\u015femeyen bir\u00e7ok \u015fey, bu bar\u0131\u015f havas\u0131 vesilesiyle ger\u00e7ekle\u015febilir durumdad\u0131r art\u0131k&#8221;<\/p>\n\n\n\n<p>Daha sonra s\u00f6z alan \u0130stanbul Tekstil Konfeksiyon \u0130hracat\u00e7\u0131lar\u0131 Birli\u011fi (\u0130TK\u0130B) Y\u00f6netim Kurulu Ba\u015fkan\u0131 Hikmet Tanr\u0131verdi ise, Halen T\u00fcrkiye&#8217;nin en b\u00fcy\u00fck sekt\u00f6r\u00fcn\u00fcn tekstil ve konfeksiyon sekt\u00f6r\u00fc oldu\u011funu belirterek, &#8220;Ciddi avantajlara ra\u011fmen, te\u015fvik paketlerinde her zaman eksiklikler oluyor. Maalesef ger\u00e7ekyat\u0131r\u0131mc\u0131y\u0131 engelleyen baz\u0131 maddeler konuyor&#8221; dedi. Daha sonra, yerel ve ulusal markalar g\u00f6r\u00fc\u015f al\u0131\u015f veri\u015finde bulunduktan sonra, yerel firmalar\u0131n ziyareti ve Diyarbak\u0131r kent tan\u0131t\u0131m gezisi ger\u00e7ekle\u015ftirildi.<br>D\u00fczenlenen Toplant\u0131ya, Diyarbak\u0131r B\u00fcy\u00fck\u015fehir Belediye Ba\u015fkan\u0131 Osman Baydemir, Karacada\u011f Kalk\u0131nma Ajans\u0131 Genel Sekreteri \u0130lhan Karakoyun, Diyarbak\u0131r Ticaret ve Sanayi Odas\u0131 (DTSO) Y\u00f6netim Kurulu Ba\u015fkan\u0131 Ahmet Sayar, DTSO Meclis Ba\u015fkan\u0131 Celalettin Birtane, \u0130stanbul Tekstil Konfeksiyon \u0130hracat\u00e7\u0131lar\u0131 Birli\u011fi (\u0130TK\u0130B) Y\u00f6netim Kurulu Ba\u015fkan\u0131 Hikmet Tanr\u0131verdi, \u0130stanbul Sanayi Odas\u0131 (\u0130SO) Y\u00f6netim Kurulu \u00dcyesi ve Osmanbey Tekstilci \u0130\u015f Adamlar\u0131 Derne\u011fi (OT\u0130AD) Ba\u015fkan\u0131 Ali Ulvi Orhan, \u0130stanbul Ticaret Odas\u0131 (\u0130TO) Y\u00f6netim Kurulu \u00dcyesi ve T\u00fcm \u0130\u00e7 Giyim Sanayicileri Derne\u011fi Ba\u015fkan\u0131 \u0130rfan \u00d6zhamaratl\u0131 ile il d\u0131\u015f\u0131ndan gelen \u00e7ok say\u0131da sekt\u00f6r ve tan\u0131nm\u0131\u015f marka temsilcileri ve Diyarbak\u0131r&#8217;daki tekstil sekt\u00f6r\u00fc ile STK temsilcileri kat\u0131ld\u0131.<\/p>","protected":false},"excerpt":{"rendered":"<p class=\"tx-excerpt\">\u0412\u0441\u0442\u0440\u0435\u0447\u0430 \u043f\u043e \u0441\u043e\u0442\u0440\u0443\u0434\u043d\u0438\u0447\u0435\u0441\u0442\u0432\u0443 \u043c\u0435\u0441\u0442\u043d\u044b\u0445 \u0438 \u043d\u0430\u0446\u0438\u043e\u043d\u0430\u043b\u044c\u043d\u044b\u0445 \u043a\u043e\u043c\u043f\u0430\u043d\u0438\u0439 \u0441\u0435\u043a\u0442\u043e\u0440\u0430 \u0442\u0435\u043a\u0441\u0442\u0438\u043b\u044f \u0438 \u0433\u043e\u0442\u043e\u0432\u043e\u0439 \u043e\u0434\u0435\u0436\u0434\u044b \u0414\u0438\u044f\u0440\u0431\u0430\u043a\u044b\u0440\u0430, \u043f\u0440\u043e\u0432\u0435\u0434\u0435\u043d\u043d\u0430\u044f \u0422\u043e\u0440\u0433\u043e\u0432\u043e-\u043f\u0440\u043e\u043c\u044b\u0448\u043b\u0435\u043d\u043d\u043e\u0439 \u043f\u0430\u043b\u0430\u0442\u043e\u0439 \u0414\u0438\u044f\u0440\u0431\u0430\u043a\u044b\u0440\u0430 (\u0422\u041f\u041f\u0414) \u0432 \u0441\u043e\u0442\u0440\u0443\u0434\u043d\u0438\u0447\u0435\u0441\u0442\u0432\u0435 \u0441 \u0422\u043e\u0440\u0433\u043e\u0432\u043e\u0439 \u043f\u0430\u043b\u0430\u0442\u043e\u0439 \u041f\u0440\u0430\u0442\u043e (\u0418\u0442\u0430\u043b\u0438\u044f) \u0432 \u0440\u0430\u043c\u043a\u0430\u0445 \u043f\u0440\u043e\u0435\u043a\u0442\u0430 \u043f\u043e \u0441\u043e\u0437\u0434\u0430\u043d\u0438\u044e \u0442\u0435\u043a\u0441\u0442\u0438\u043b\u044c\u043d\u043e\u0433\u043e \u043a\u043b\u0430\u0441\u0442\u0435\u0440\u0430 \u0432 \u0414\u0438\u044f\u0440\u0431\u0430\u043a\u044b\u0440\u0435 [...]...\n<\/p>","protected":false},"author":1,"featured_media":0,"comment_status":"open","ping_status":"open","sticky":false,"template":"","format":"standard","meta":{"footnotes":""},"categories":[3],"tags":[],"class_list":["post-3342","post","type-post","status-publish","format-standard","hentry","category-duyurular"],"_links":{"self":[{"href":"https:\/\/www.otiad.org.tr\/ru\/wp-json\/wp\/v2\/posts\/3342","targetHints":{"allow":["GET"]}}],"collection":[{"href":"https:\/\/www.otiad.org.tr\/ru\/wp-json\/wp\/v2\/posts"}],"about":[{"href":"https:\/\/www.otiad.org.tr\/ru\/wp-json\/wp\/v2\/types\/post"}],"author":[{"embeddable":true,"href":"https:\/\/www.otiad.org.tr\/ru\/wp-json\/wp\/v2\/users\/1"}],"replies":[{"embeddable":true,"href":"https:\/\/www.otiad.org.tr\/ru\/wp-json\/wp\/v2\/comments?post=3342"}],"version-history":[{"count":1,"href":"https:\/\/www.otiad.org.tr\/ru\/wp-json\/wp\/v2\/posts\/3342\/revisions"}],"predecessor-version":[{"id":3343,"href":"https:\/\/www.otiad.org.tr\/ru\/wp-json\/wp\/v2\/posts\/3342\/revisions\/3343"}],"wp:attachment":[{"href":"https:\/\/www.otiad.org.tr\/ru\/wp-json\/wp\/v2\/media?parent=3342"}],"wp:term":[{"taxonomy":"category","embeddable":true,"href":"https:\/\/www.otiad.org.tr\/ru\/wp-json\/wp\/v2\/categories?post=3342"},{"taxonomy":"post_tag","embeddable":true,"href":"https:\/\/www.otiad.org.tr\/ru\/wp-json\/wp\/v2\/tags?post=3342"}],"curies":[{"name":"wp","href":"https:\/\/api.w.org\/{rel}","templated":true}]}}