{"id":8016,"date":"2025-09-16T15:26:00","date_gmt":"2025-09-16T12:26:00","guid":{"rendered":"https:\/\/www.otiad.org.tr\/?p=8016"},"modified":"2025-10-24T12:28:19","modified_gmt":"2025-10-24T09:28:19","slug":"i-nostri-membri-del-consiglio-di-amministrazione-hanno-fatto-visita-a-uno-dei-fondatori-di-otiad-il-signor-adil-isik","status":"publish","type":"post","link":"https:\/\/www.otiad.org.tr\/it\/16\/09\/2025\/15\/26\/i-nostri-membri-del-consiglio-di-amministrazione-hanno-fatto-visita-a-uno-dei-fondatori-di-otiad-il-signor-adil-isik\/","title":{"rendered":"I nostri membri del Consiglio di Amministrazione hanno fatto visita al signor Adil I\u015f\u0131k, uno dei fondatori di OT\u0130AD."},"content":{"rendered":"<p>Il nostro Presidente Allam \u00c7ift\u00e7i, il Vicepresidente Cevat Ye\u015filyurt, i membri del Consiglio di Amministrazione Ahmet Hamdi Y\u0131ld\u0131zo\u011flu, Av\u015far At\u0131yar, Bedri K\u0131l\u0131\u00e7 e il Segretario Generale Tu\u011f\u00e7e Soyer si sono recati in visita di condoglianze al signor Adil I\u015f\u0131k, il cui padre \u00e8 recentemente scomparso. Ringraziamo Adil I\u015f\u0131k per la piacevole conversazione durante la visita, durante la quale sono state discusse questioni relative al settore.<\/p>\n\n\n\n<figure class=\"wp-block-image size-large\"><img fetchpriority=\"high\" decoding=\"async\" width=\"1024\" height=\"768\" src=\"https:\/\/www.otiad.org.tr\/wp-content\/uploads\/2025\/10\/WhatsApp-Image-2025-09-16-at-17.46.09-1024x768.jpeg\" alt=\"\" class=\"wp-image-8017\" srcset=\"https:\/\/www.otiad.org.tr\/wp-content\/uploads\/2025\/10\/WhatsApp-Image-2025-09-16-at-17.46.09-1024x768.jpeg 1024w, https:\/\/www.otiad.org.tr\/wp-content\/uploads\/2025\/10\/WhatsApp-Image-2025-09-16-at-17.46.09-300x225.jpeg 300w, https:\/\/www.otiad.org.tr\/wp-content\/uploads\/2025\/10\/WhatsApp-Image-2025-09-16-at-17.46.09-768x576.jpeg 768w, https:\/\/www.otiad.org.tr\/wp-content\/uploads\/2025\/10\/WhatsApp-Image-2025-09-16-at-17.46.09-1536x1152.jpeg 1536w, https:\/\/www.otiad.org.tr\/wp-content\/uploads\/2025\/10\/WhatsApp-Image-2025-09-16-at-17.46.09-16x12.jpeg 16w, https:\/\/www.otiad.org.tr\/wp-content\/uploads\/2025\/10\/WhatsApp-Image-2025-09-16-at-17.46.09-100x75.jpeg 100w, https:\/\/www.otiad.org.tr\/wp-content\/uploads\/2025\/10\/WhatsApp-Image-2025-09-16-at-17.46.09-360x270.jpeg 360w, https:\/\/www.otiad.org.tr\/wp-content\/uploads\/2025\/10\/WhatsApp-Image-2025-09-16-at-17.46.09-373x280.jpeg 373w, https:\/\/www.otiad.org.tr\/wp-content\/uploads\/2025\/10\/WhatsApp-Image-2025-09-16-at-17.46.09-620x465.jpeg 620w, https:\/\/www.otiad.org.tr\/wp-content\/uploads\/2025\/10\/WhatsApp-Image-2025-09-16-at-17.46.09-460x345.jpeg 460w, https:\/\/www.otiad.org.tr\/wp-content\/uploads\/2025\/10\/WhatsApp-Image-2025-09-16-at-17.46.09-365x274.jpeg 365w, https:\/\/www.otiad.org.tr\/wp-content\/uploads\/2025\/10\/WhatsApp-Image-2025-09-16-at-17.46.09-370x278.jpeg 370w, https:\/\/www.otiad.org.tr\/wp-content\/uploads\/2025\/10\/WhatsApp-Image-2025-09-16-at-17.46.09-760x570.jpeg 760w, https:\/\/www.otiad.org.tr\/wp-content\/uploads\/2025\/10\/WhatsApp-Image-2025-09-16-at-17.46.09-202x151.jpeg 202w, https:\/\/www.otiad.org.tr\/wp-content\/uploads\/2025\/10\/WhatsApp-Image-2025-09-16-at-17.46.09-200x150.jpeg 200w, https:\/\/www.otiad.org.tr\/wp-content\/uploads\/2025\/10\/WhatsApp-Image-2025-09-16-at-17.46.09.jpeg 2040w\" sizes=\"(max-width: 1024px) 100vw, 1024px\" \/><\/figure>","protected":false},"excerpt":{"rendered":"<p class=\"tx-excerpt\">Il nostro Presidente Allam \u00c7ift\u00e7i, il nostro Vicepresidente Cevat Ye\u015filyurt, i nostri Consiglieri Ahmet Hamdi Y\u0131ld\u0131zo\u011flu, Av\u015far At\u0131yar, Bedri K\u0131l\u0131\u00e7 e il nostro Segretario Generale Tu\u011f\u00e7e Soyer, sono recentemente scomparsi il padre di Adil I\u015f\u0131k [...].\n<\/p>","protected":false},"author":990004,"featured_media":8017,"comment_status":"open","ping_status":"open","sticky":false,"template":"","format":"standard","meta":{"footnotes":""},"categories":[19,1],"tags":[],"class_list":["post-8016","post","type-post","status-publish","format-standard","has-post-thumbnail","hentry","category-haberler","category-uncategorized"],"_links":{"self":[{"href":"https:\/\/www.otiad.org.tr\/it\/wp-json\/wp\/v2\/posts\/8016","targetHints":{"allow":["GET"]}}],"collection":[{"href":"https:\/\/www.otiad.org.tr\/it\/wp-json\/wp\/v2\/posts"}],"about":[{"href":"https:\/\/www.otiad.org.tr\/it\/wp-json\/wp\/v2\/types\/post"}],"author":[{"embeddable":true,"href":"https:\/\/www.otiad.org.tr\/it\/wp-json\/wp\/v2\/users\/990004"}],"replies":[{"embeddable":true,"href":"https:\/\/www.otiad.org.tr\/it\/wp-json\/wp\/v2\/comments?post=8016"}],"version-history":[{"count":1,"href":"https:\/\/www.otiad.org.tr\/it\/wp-json\/wp\/v2\/posts\/8016\/revisions"}],"predecessor-version":[{"id":8018,"href":"https:\/\/www.otiad.org.tr\/it\/wp-json\/wp\/v2\/posts\/8016\/revisions\/8018"}],"wp:featuredmedia":[{"embeddable":true,"href":"https:\/\/www.otiad.org.tr\/it\/wp-json\/wp\/v2\/media\/8017"}],"wp:attachment":[{"href":"https:\/\/www.otiad.org.tr\/it\/wp-json\/wp\/v2\/media?parent=8016"}],"wp:term":[{"taxonomy":"category","embeddable":true,"href":"https:\/\/www.otiad.org.tr\/it\/wp-json\/wp\/v2\/categories?post=8016"},{"taxonomy":"post_tag","embeddable":true,"href":"https:\/\/www.otiad.org.tr\/it\/wp-json\/wp\/v2\/tags?post=8016"}],"curies":[{"name":"wp","href":"https:\/\/api.w.org\/{rel}","templated":true}]}}