{"id":7942,"date":"2025-10-01T16:23:00","date_gmt":"2025-10-01T13:23:00","guid":{"rendered":"https:\/\/www.otiad.org.tr\/?p=7942"},"modified":"2025-10-20T12:25:48","modified_gmt":"2025-10-20T09:25:48","slug":"il-direttore-delle-fiere-izfas-yesim-yigit-ha-fatto-visita-di-buon-augurio-al-presidente-di-otiad","status":"publish","type":"post","link":"https:\/\/www.otiad.org.tr\/it\/01\/10\/2025\/16\/23\/il-direttore-delle-fiere-izfas-yesim-yigit-ha-fatto-visita-di-buon-augurio-al-presidente-di-otiad\/","title":{"rendered":"Il signor Ye\u015fim Yi\u011fit, responsabile delle fiere Izfas, ha fatto una visita di buona volont\u00e0 al nostro presidente OT\u0130AD."},"content":{"rendered":"<p>Durante la visita, alla quale hanno partecipato il nostro Presidente Allam \u00c7ift\u00e7i e il nostro Segretario generale Tu\u011f\u00e7e Soyer, sono stati discussi gli sviluppi nel campo dell'organizzazione fieristica. Si \u00e8 trattato di un incontro produttivo per il nostro settore.<br>Desideriamo ringraziare il team di Izfa\u015f per la sua gentile visita.<\/p>\n\n\n\n<figure class=\"wp-block-image size-large\"><img fetchpriority=\"high\" decoding=\"async\" width=\"1024\" height=\"537\" src=\"https:\/\/www.otiad.org.tr\/wp-content\/uploads\/2025\/10\/WhatsApp-Image-2025-10-20-at-12.24.12-1024x537.jpeg\" alt=\"\" class=\"wp-image-7943\" srcset=\"https:\/\/www.otiad.org.tr\/wp-content\/uploads\/2025\/10\/WhatsApp-Image-2025-10-20-at-12.24.12-1024x537.jpeg 1024w, https:\/\/www.otiad.org.tr\/wp-content\/uploads\/2025\/10\/WhatsApp-Image-2025-10-20-at-12.24.12-300x157.jpeg 300w, https:\/\/www.otiad.org.tr\/wp-content\/uploads\/2025\/10\/WhatsApp-Image-2025-10-20-at-12.24.12-768x402.jpeg 768w, https:\/\/www.otiad.org.tr\/wp-content\/uploads\/2025\/10\/WhatsApp-Image-2025-10-20-at-12.24.12-18x9.jpeg 18w, https:\/\/www.otiad.org.tr\/wp-content\/uploads\/2025\/10\/WhatsApp-Image-2025-10-20-at-12.24.12-360x189.jpeg 360w, https:\/\/www.otiad.org.tr\/wp-content\/uploads\/2025\/10\/WhatsApp-Image-2025-10-20-at-12.24.12-373x195.jpeg 373w, https:\/\/www.otiad.org.tr\/wp-content\/uploads\/2025\/10\/WhatsApp-Image-2025-10-20-at-12.24.12-620x325.jpeg 620w, https:\/\/www.otiad.org.tr\/wp-content\/uploads\/2025\/10\/WhatsApp-Image-2025-10-20-at-12.24.12-460x241.jpeg 460w, https:\/\/www.otiad.org.tr\/wp-content\/uploads\/2025\/10\/WhatsApp-Image-2025-10-20-at-12.24.12-365x191.jpeg 365w, https:\/\/www.otiad.org.tr\/wp-content\/uploads\/2025\/10\/WhatsApp-Image-2025-10-20-at-12.24.12-370x194.jpeg 370w, https:\/\/www.otiad.org.tr\/wp-content\/uploads\/2025\/10\/WhatsApp-Image-2025-10-20-at-12.24.12-760x398.jpeg 760w, https:\/\/www.otiad.org.tr\/wp-content\/uploads\/2025\/10\/WhatsApp-Image-2025-10-20-at-12.24.12-200x105.jpeg 200w, https:\/\/www.otiad.org.tr\/wp-content\/uploads\/2025\/10\/WhatsApp-Image-2025-10-20-at-12.24.12.jpeg 1170w\" sizes=\"(max-width: 1024px) 100vw, 1024px\" \/><\/figure>","protected":false},"excerpt":{"rendered":"<p class=\"tx-excerpt\">Il nostro Presidente Allam \u00c7ift\u00e7i e il nostro Segretario Generale Tu\u011f\u00e7e Soyer hanno partecipato alla visita e si \u00e8 discusso degli sviluppi nel campo dell'organizzazione fieristica. \u00c8 stato un incontro produttivo per il nostro settore e desideriamo ringraziare il team di Izfas per la sua gentile visita.\n<\/p>","protected":false},"author":990004,"featured_media":7943,"comment_status":"open","ping_status":"open","sticky":false,"template":"","format":"standard","meta":{"footnotes":""},"categories":[19,1],"tags":[],"class_list":["post-7942","post","type-post","status-publish","format-standard","has-post-thumbnail","hentry","category-haberler","category-uncategorized"],"_links":{"self":[{"href":"https:\/\/www.otiad.org.tr\/it\/wp-json\/wp\/v2\/posts\/7942","targetHints":{"allow":["GET"]}}],"collection":[{"href":"https:\/\/www.otiad.org.tr\/it\/wp-json\/wp\/v2\/posts"}],"about":[{"href":"https:\/\/www.otiad.org.tr\/it\/wp-json\/wp\/v2\/types\/post"}],"author":[{"embeddable":true,"href":"https:\/\/www.otiad.org.tr\/it\/wp-json\/wp\/v2\/users\/990004"}],"replies":[{"embeddable":true,"href":"https:\/\/www.otiad.org.tr\/it\/wp-json\/wp\/v2\/comments?post=7942"}],"version-history":[{"count":1,"href":"https:\/\/www.otiad.org.tr\/it\/wp-json\/wp\/v2\/posts\/7942\/revisions"}],"predecessor-version":[{"id":7944,"href":"https:\/\/www.otiad.org.tr\/it\/wp-json\/wp\/v2\/posts\/7942\/revisions\/7944"}],"wp:featuredmedia":[{"embeddable":true,"href":"https:\/\/www.otiad.org.tr\/it\/wp-json\/wp\/v2\/media\/7943"}],"wp:attachment":[{"href":"https:\/\/www.otiad.org.tr\/it\/wp-json\/wp\/v2\/media?parent=7942"}],"wp:term":[{"taxonomy":"category","embeddable":true,"href":"https:\/\/www.otiad.org.tr\/it\/wp-json\/wp\/v2\/categories?post=7942"},{"taxonomy":"post_tag","embeddable":true,"href":"https:\/\/www.otiad.org.tr\/it\/wp-json\/wp\/v2\/tags?post=7942"}],"curies":[{"name":"wp","href":"https:\/\/api.w.org\/{rel}","templated":true}]}}