{"id":4291,"date":"2018-10-25T15:34:41","date_gmt":"2018-10-25T12:34:41","guid":{"rendered":"https:\/\/www.otiad.org.tr\/?p=4291"},"modified":"2023-07-19T15:35:24","modified_gmt":"2023-07-19T12:35:24","slug":"il-presidente-di-otiad-ridvan-kandag-i-membri-del-consiglio-di-amministrazione-cevat-yesilyurt-ekrem-karakaya-ibrahim-hakki-erdem-ismail-hakki-dogan-e-tayyar-gunbeyi-hanno-visitato-il-ministro-degli","status":"publish","type":"post","link":"https:\/\/www.otiad.org.tr\/it\/25\/10\/2018\/15\/34\/il-presidente-di-otiad-ridvan-kandag-i-membri-del-consiglio-di-amministrazione-cevat-yesilyurt-ekrem-karakaya-ibrahim-hakki-erdem-ismail-hakki-dogan-e-tayyar-gunbeyi-hanno-visitato-il-ministro-degli\/","title":{"rendered":"Il Presidente dell'OT\u0130AD R\u0131dvan Kanda\u011f, i membri del Consiglio di Amministrazione Cevat Ye\u015filyurt, Ekrem Karakaya, \u0130brahim Hakk\u0131 Erdem, \u0130smail Hakk\u0131 Do\u011fan e Tayyar G\u00fcnbeyi hanno visitato il Ministro degli Interni S\u00fcleyman Soylu nel suo ufficio."},"content":{"rendered":"<p>Nel corso dell'incontro sono state fornite informazioni sui problemi e le esigenze di Osmanbey e della nostra regione.<\/p>","protected":false},"excerpt":{"rendered":"<p class=\"tx-excerpt\">Nel corso dell'incontro sono state fornite informazioni sui problemi e le esigenze di Osmanbey e della nostra regione.\n<\/p>","protected":false},"author":1,"featured_media":0,"comment_status":"open","ping_status":"open","sticky":false,"template":"","format":"standard","meta":{"footnotes":""},"categories":[3],"tags":[],"class_list":["post-4291","post","type-post","status-publish","format-standard","hentry","category-duyurular"],"_links":{"self":[{"href":"https:\/\/www.otiad.org.tr\/it\/wp-json\/wp\/v2\/posts\/4291","targetHints":{"allow":["GET"]}}],"collection":[{"href":"https:\/\/www.otiad.org.tr\/it\/wp-json\/wp\/v2\/posts"}],"about":[{"href":"https:\/\/www.otiad.org.tr\/it\/wp-json\/wp\/v2\/types\/post"}],"author":[{"embeddable":true,"href":"https:\/\/www.otiad.org.tr\/it\/wp-json\/wp\/v2\/users\/1"}],"replies":[{"embeddable":true,"href":"https:\/\/www.otiad.org.tr\/it\/wp-json\/wp\/v2\/comments?post=4291"}],"version-history":[{"count":1,"href":"https:\/\/www.otiad.org.tr\/it\/wp-json\/wp\/v2\/posts\/4291\/revisions"}],"predecessor-version":[{"id":4292,"href":"https:\/\/www.otiad.org.tr\/it\/wp-json\/wp\/v2\/posts\/4291\/revisions\/4292"}],"wp:attachment":[{"href":"https:\/\/www.otiad.org.tr\/it\/wp-json\/wp\/v2\/media?parent=4291"}],"wp:term":[{"taxonomy":"category","embeddable":true,"href":"https:\/\/www.otiad.org.tr\/it\/wp-json\/wp\/v2\/categories?post=4291"},{"taxonomy":"post_tag","embeddable":true,"href":"https:\/\/www.otiad.org.tr\/it\/wp-json\/wp\/v2\/tags?post=4291"}],"curies":[{"name":"wp","href":"https:\/\/api.w.org\/{rel}","templated":true}]}}