{"id":3977,"date":"2016-12-29T12:49:57","date_gmt":"2016-12-29T09:49:57","guid":{"rendered":"https:\/\/www.otiad.org.tr\/?p=3977"},"modified":"2023-07-18T12:50:09","modified_gmt":"2023-07-18T09:50:09","slug":"otiadtan-sisli-governatore-distrettuale-idris-akbiyika-buona-visita-di-guarigione","status":"publish","type":"post","link":"https:\/\/www.otiad.org.tr\/it\/29\/12\/2016\/12\/49\/otiadtan-sisli-governatore-distrettuale-idris-akbiyika-buona-visita-di-guarigione\/","title":{"rendered":"Visita di \"buona fortuna\" al Governatore del Distretto di \u015ei\u015fli \u0130dris Akb\u0131y\u0131k da OT\u0130AD"},"content":{"rendered":"<p>Il Presidente dell'OT\u0130AD \u0130lker Karata\u015f e la delegazione che lo accompagna hanno fatto una visita di buon auspicio a \u0130dris Akb\u0131y\u0131k, nominato Governatore del Distretto di \u015ei\u015fli.<\/p>\n\n\n\n<p>Il Governatore distrettuale \u015ei\u015fli Akb\u0131y\u0131k ha ringraziato il Presidente \u0130lker Karata\u015f e i Vicepresidenti Tamer Pala e Nevzat Ataman, i membri del Consiglio di Amministrazione A. R\u0131dvan Kanda\u011f, \u0130brahim Hakk\u0131 Erdem e il Segretario Generale Sami Kurt per la loro gentile visita e ha espresso la sua soddisfazione per la nomina a Governatore distrettuale \u015ei\u015fli. Il Presidente dell'OTIAD, \u0130lker Karata\u015f, ha espresso i suoi auguri di buona fortuna ad Akb\u0131y\u0131k e ha dichiarato di credere che produrr\u00e0 lavori produttivi per \u015ei\u015fli e spera che i buoni servizi saranno raggiunti con spirito di squadra e che sono pronti a tutti i tipi di cooperazione come OTIAD in questo quadro. Il Presidente Karata\u015f ha fornito ampie informazioni su OT\u0130AD e Osmanbey e ha invitato il Governatore distrettuale \u0130dris Akb\u0131y\u0131k all'inaugurazione della Fiera della Moda il 17 gennaio. La conversazione su \u015ei\u015fli in generale e su Osmanbey in particolare si \u00e8 conclusa con gli auguri.<\/p>\n\n\n\n<p>Informazioni sul governatore del distretto di Sisli Idris AKBIYIK<\/p>\n\n\n\n<p>Nel 1971, Malatya<code>\u00c8 nato nel villaggio di \u00c7avu\u015flu del distretto di Do\u011fan\u015fehir. Ha completato le scuole elementari nella scuola primaria del villaggio di \u00c7avu\u015flu, le scuole medie e le scuole superiori nella citt\u00e0 di Polat con un ottimo diploma. Nel 1986 si \u00e8 iscritto alla Facolt\u00e0 di Scienze Politiche dell'Universit\u00e0 di A.U., Dipartimento di Pubblica Amministrazione e si \u00e8 laureato con un buon titolo nel 1990. Istituto di Scienze Sociali dell'Universit\u00e0 Erciyes, Dipartimento di Economia in Turchia<\/code>Ha completato il master con una tesi sugli investimenti diretti esteri e l'occupazione in Turchia. Attualmente sta proseguendo il suo programma di dottorato presso l'Universit\u00e0 di Sakarya, Istituto di Scienze Sociali, Dipartimento di Scienze Politiche e Pubblica Amministrazione.<br>Dopo un anno di formazione speciale presso l'Accademia di polizia nel 1991-92, ha prestato servizio come assistente commissario presso il Dipartimento di polizia di Bursa per due anni. Nel 1994 \u00e8 entrato a far parte della professione dell'Amministrazione civile.<br>Ha lavorato 6 mesi come candidato a governatore del distretto di Sinop e 5 mesi come governatore del distretto di Ye\u015filyurt. Ankara<code>nel Regno Unito per 8 mesi dopo un corso di inglese di 4 mesi<\/code>a Elaz\u0131\u011f a scopo di esame-ricerca e formazione. 1,5 mesi a Elazig<code>Ha svolto il tirocinio ispettivo con l'accompagnamento dell'Ispettore M\u00fclkiye. Ha lavorato come vice governatore distrettuale nei distretti di Afyon-\u0130hsaniye e Denizli-G\u00fcney per 8 mesi. 4 mesi ad Ankara<\/code>dopo il corso di Governatore distrettuale presso il Ministero dell'Interno,<br>\u00c8 stato nominato governatore del distretto di \u0130kizdere, nella provincia di Rize.<br>Tra il 1997-1999 nel distretto di \u0130kizdere,<br>Tra il 1999-2001 nel distretto di Elaz\u0131\u011f-A\u011f\u0131n,<br>Tra il 2001-2005 nel distretto di \u00c7\u0131nar a Diyarbak\u0131r,<br>Tra il 25.10.2005 e il 19.10.2006 nel distretto di S\u0131nd\u0131rg\u0131,<br>20.10.2006-11.08.2010 nel distretto di Yahyal\u0131,<br>Tra il 12.08.2010-04.08.2015 nel distretto di Geyve<br>Tra il 07.08.2015 e il 15.12.2016 \u00e8 stato governatore distrettuale nel distretto di Hendek,<br>Dal 21.12.2016 \u00e8 in carica come Governatore distrettuale \u015ei\u015fli.<br>\u0130dris Akb\u0131y\u0131k, che ha compiuto il 25\u00b0 anno di servizio civile e il 23\u00b0 di amministrazione civile, \u00e8 un amministratore civile di prima classe.<\/p>","protected":false},"excerpt":{"rendered":"<p class=\"tx-excerpt\">OT\u0130AD Ba\u015fkan\u0131 \u0130lker Karata\u015f ve beraberindeki heyet, \u015ei\u015fli Kaymakaml\u0131\u011f\u0131na atanan \u0130dris Akb\u0131y\u0131k\u2019a hay\u0131rl\u0131 olsun ziyaretinde bulundu. \u015ei\u015fli Kaymakam\u0131 \u0130dris Akb\u0131y\u0131k nazik ziyaretlerinden dolay\u0131 Ba\u015fkan \u0130lker Karata\u015f ve beraberindeki Ba\u015fkan Yard\u0131mc\u0131lar\u0131 [&hellip;]\n<\/p>","protected":false},"author":1,"featured_media":0,"comment_status":"open","ping_status":"open","sticky":false,"template":"","format":"standard","meta":{"footnotes":""},"categories":[3],"tags":[],"class_list":["post-3977","post","type-post","status-publish","format-standard","hentry","category-duyurular"],"_links":{"self":[{"href":"https:\/\/www.otiad.org.tr\/it\/wp-json\/wp\/v2\/posts\/3977","targetHints":{"allow":["GET"]}}],"collection":[{"href":"https:\/\/www.otiad.org.tr\/it\/wp-json\/wp\/v2\/posts"}],"about":[{"href":"https:\/\/www.otiad.org.tr\/it\/wp-json\/wp\/v2\/types\/post"}],"author":[{"embeddable":true,"href":"https:\/\/www.otiad.org.tr\/it\/wp-json\/wp\/v2\/users\/1"}],"replies":[{"embeddable":true,"href":"https:\/\/www.otiad.org.tr\/it\/wp-json\/wp\/v2\/comments?post=3977"}],"version-history":[{"count":1,"href":"https:\/\/www.otiad.org.tr\/it\/wp-json\/wp\/v2\/posts\/3977\/revisions"}],"predecessor-version":[{"id":3978,"href":"https:\/\/www.otiad.org.tr\/it\/wp-json\/wp\/v2\/posts\/3977\/revisions\/3978"}],"wp:attachment":[{"href":"https:\/\/www.otiad.org.tr\/it\/wp-json\/wp\/v2\/media?parent=3977"}],"wp:term":[{"taxonomy":"category","embeddable":true,"href":"https:\/\/www.otiad.org.tr\/it\/wp-json\/wp\/v2\/categories?post=3977"},{"taxonomy":"post_tag","embeddable":true,"href":"https:\/\/www.otiad.org.tr\/it\/wp-json\/wp\/v2\/tags?post=3977"}],"curies":[{"name":"wp","href":"https:\/\/api.w.org\/{rel}","templated":true}]}}