{"id":3971,"date":"2016-12-14T12:45:13","date_gmt":"2016-12-14T09:45:13","guid":{"rendered":"https:\/\/www.otiad.org.tr\/?p=3971"},"modified":"2023-07-18T12:45:47","modified_gmt":"2023-07-18T09:45:47","slug":"collina-di-otiat-sehitler","status":"publish","type":"post","link":"https:\/\/www.otiad.org.tr\/it\/14\/12\/2016\/12\/45\/collina-di-otiat-sehitler\/","title":{"rendered":"OTIAT sulla Collina dei Martiri"},"content":{"rendered":"<p>Il Presidente dell'OT\u0130AD \u0130lker Karata\u015f e una delegazione del Consiglio di Amministrazione; oggi (14.12.2016) il 10 dicembre 2016, a seguito di un efferato atto terroristico, sulla Collina dei Martiri, dove 44 martiri, di cui 37 membri delle forze di polizia, sono passati all'eternit\u00e0 con una bomba esplosa a seguito di un efferato atto terroristico; Hanno condannato il terrorismo lasciando un garofano nel punto in cui \u00e8 avvenuto l'incidente e leggendo una preghiera per le anime dei nostri amati martiri.<\/p>","protected":false},"excerpt":{"rendered":"<p class=\"tx-excerpt\">OT\u0130AD Ba\u015fkan\u0131 \u0130lker Karata\u015f ve Y\u00f6netim Kurulundan bir heyet; bug\u00fcn (14.12.2016) 10 Aral\u0131k 2016 tarihinde menfur bir ter\u00f6r hareketi neticesinde patlat\u0131lan bomba ile 37\u2019si emniyet mensubu 44 \u015fehidimizin ebediyete intikal [&hellip;]\n<\/p>","protected":false},"author":1,"featured_media":0,"comment_status":"open","ping_status":"open","sticky":false,"template":"","format":"standard","meta":{"footnotes":""},"categories":[3],"tags":[],"class_list":["post-3971","post","type-post","status-publish","format-standard","hentry","category-duyurular"],"_links":{"self":[{"href":"https:\/\/www.otiad.org.tr\/it\/wp-json\/wp\/v2\/posts\/3971","targetHints":{"allow":["GET"]}}],"collection":[{"href":"https:\/\/www.otiad.org.tr\/it\/wp-json\/wp\/v2\/posts"}],"about":[{"href":"https:\/\/www.otiad.org.tr\/it\/wp-json\/wp\/v2\/types\/post"}],"author":[{"embeddable":true,"href":"https:\/\/www.otiad.org.tr\/it\/wp-json\/wp\/v2\/users\/1"}],"replies":[{"embeddable":true,"href":"https:\/\/www.otiad.org.tr\/it\/wp-json\/wp\/v2\/comments?post=3971"}],"version-history":[{"count":1,"href":"https:\/\/www.otiad.org.tr\/it\/wp-json\/wp\/v2\/posts\/3971\/revisions"}],"predecessor-version":[{"id":3972,"href":"https:\/\/www.otiad.org.tr\/it\/wp-json\/wp\/v2\/posts\/3971\/revisions\/3972"}],"wp:attachment":[{"href":"https:\/\/www.otiad.org.tr\/it\/wp-json\/wp\/v2\/media?parent=3971"}],"wp:term":[{"taxonomy":"category","embeddable":true,"href":"https:\/\/www.otiad.org.tr\/it\/wp-json\/wp\/v2\/categories?post=3971"},{"taxonomy":"post_tag","embeddable":true,"href":"https:\/\/www.otiad.org.tr\/it\/wp-json\/wp\/v2\/tags?post=3971"}],"curies":[{"name":"wp","href":"https:\/\/api.w.org\/{rel}","templated":true}]}}