{"id":3609,"date":"2014-12-26T18:26:01","date_gmt":"2014-12-26T16:26:01","guid":{"rendered":"https:\/\/www.otiad.org.tr\/?p=3609"},"modified":"2023-07-13T18:26:15","modified_gmt":"2023-07-13T15:26:15","slug":"genc-tasarimcilarla-muhtesem-final-gecesi","status":"publish","type":"post","link":"https:\/\/www.otiad.org.tr\/it\/26\/12\/2014\/18\/26\/genc-tasarimcilarla-muhtesem-final-gecesi\/","title":{"rendered":"Spettacolare serata finale con i giovani designer"},"content":{"rendered":"<p>Al Four Seasons Hotel Bosphorus si \u00e8 svolta la finale del 9\u00b0 Concorso di Design di Tessuti, organizzato dal 2005 per avvicinare giovani di talento all'industria tessile turca e incoraggiare progetti originali.<\/p>\n\n\n\n<pre class=\"wp-block-code\"><code>  Moda tasar\u0131mc\u0131lar\u0131 Mehtap Elaidi, Gamze Sara\u00e7o\u011flu, G\u00fcl A\u011f\u0131\u015f, At\u0131l Kuto\u011flu, Siren Ertan, \u015fark\u0131c\u0131 Hande Yener, Ressam Ahmet G\u00fcne\u015ftekin, gazetece Bal\u00e7i\u00e7ek \u0130lter, TV yap\u0131mc\u0131s\u0131 Melda Y\u00fccel ile yerli ve yabanc\u0131 bas\u0131n mensuplar\u0131, akademisyenler ve \u0130TH\u0130B \u00fcyelerinden olu\u015fan j\u00fcrinin de\u011ferlendirmeleri sonucu \u201cKaosun Esteti\u011fi\u201d tasar\u0131m\u0131yla G\u00f6k\u00e7e \u00d6zkulak 1. olarak yurt d\u0131\u015f\u0131nda 1 y\u0131l moda e\u011fitimi ve 20 bin T\u00fcrk liras\u0131 para \u00f6d\u00fcl\u00fcne hak kazand\u0131.\n\n  \u201c\u00c7izgi\u201d tasar\u0131m\u0131yla U\u011fur \u00d6zmi\u015f 2., \u201cVitray\u201d tasar\u0131m\u0131yla Seher S\u00fcleymano\u011flu 3. oldu.Dereceye giren ilk \u00fc\u00e7 finalist, d\u00fcnyan\u0131n en sayg\u0131n ve kapsaml\u0131 kuma\u015f ve moda fuar\u0131 Paris Premiere Vision\u2019u ziyaret ve yurt i\u00e7inde 6 ay dil e\u011fitimi ile \u00f6d\u00fcllendirildi. Ayr\u0131ca ikincilik \u00f6d\u00fcl\u00fc 10 bin TL., \u00fc\u00e7\u00fcnc\u00fcl\u00fck \u00f6d\u00fcl\u00fc 5 bin TL.\u2019nin de sahibi oldular.\n\n  Finale kalan 10 yar\u0131\u015fmac\u0131n\u0131n \u00fcretilen 6\u2019\u015far kuma\u015f tasar\u0131m\u0131 Hakan Akkaya imzal\u0131 \u00f6zel bir defileyle sunuldu\u011fu gecede, \u00c7a\u011fla \u015eikel ve \u00d6zge Ulusoy ayn\u0131 podyumu payla\u015ft\u0131.\n\n\n  OT\u0130AD\u2019\u0131 Ba\u015fkan Karata\u015f temsil etti\n\n  \u0130TH\u0130B Y\u00f6netim Kurulu Ba\u015fkan\u0131 \u0130smail G\u00fclle\u2019nin ev sahipli\u011fi yapt\u0131\u011f\u0131 geceye, Derne\u011fimiz OT\u0130AD\u2019\u0131 temsilen Ba\u015fkan \u0130lker Karata\u015f, Y\u00f6netim Kurulu \u00dcyesi Hikmet \u00dcnal ve Genel Sekreter Sami Kurt kat\u0131ld\u0131. Ayr\u0131ca 9. Kuma\u015f Yar\u0131\u015fmas\u0131 an\u0131s\u0131na \u0130TH\u0130B taraf\u0131ndan her bir j\u00fcri \u00fcyesi ve sponsor marka ad\u0131na Beykoz\u2019daki \u0130TH\u0130B Hat\u0131ra Orman\u0131na 100\u2019 er adet a\u011fa\u00e7 dikildi.<\/code><\/pre>","protected":false},"excerpt":{"rendered":"<p class=\"tx-excerpt\">Al Four Seasons Hotel Bosphorus si \u00e8 svolta la finale del 9\u00b0 Concorso di Design di Tessuti, organizzato dal 2005 per avvicinare giovani di talento all'industria tessile turca e incoraggiare progetti originali.\n<\/p>","protected":false},"author":1,"featured_media":0,"comment_status":"open","ping_status":"open","sticky":false,"template":"","format":"standard","meta":{"footnotes":""},"categories":[3],"tags":[],"class_list":["post-3609","post","type-post","status-publish","format-standard","hentry","category-duyurular"],"_links":{"self":[{"href":"https:\/\/www.otiad.org.tr\/it\/wp-json\/wp\/v2\/posts\/3609","targetHints":{"allow":["GET"]}}],"collection":[{"href":"https:\/\/www.otiad.org.tr\/it\/wp-json\/wp\/v2\/posts"}],"about":[{"href":"https:\/\/www.otiad.org.tr\/it\/wp-json\/wp\/v2\/types\/post"}],"author":[{"embeddable":true,"href":"https:\/\/www.otiad.org.tr\/it\/wp-json\/wp\/v2\/users\/1"}],"replies":[{"embeddable":true,"href":"https:\/\/www.otiad.org.tr\/it\/wp-json\/wp\/v2\/comments?post=3609"}],"version-history":[{"count":1,"href":"https:\/\/www.otiad.org.tr\/it\/wp-json\/wp\/v2\/posts\/3609\/revisions"}],"predecessor-version":[{"id":3610,"href":"https:\/\/www.otiad.org.tr\/it\/wp-json\/wp\/v2\/posts\/3609\/revisions\/3610"}],"wp:attachment":[{"href":"https:\/\/www.otiad.org.tr\/it\/wp-json\/wp\/v2\/media?parent=3609"}],"wp:term":[{"taxonomy":"category","embeddable":true,"href":"https:\/\/www.otiad.org.tr\/it\/wp-json\/wp\/v2\/categories?post=3609"},{"taxonomy":"post_tag","embeddable":true,"href":"https:\/\/www.otiad.org.tr\/it\/wp-json\/wp\/v2\/tags?post=3609"}],"curies":[{"name":"wp","href":"https:\/\/api.w.org\/{rel}","templated":true}]}}