{"id":3436,"date":"2014-06-13T13:04:29","date_gmt":"2014-06-13T10:04:29","guid":{"rendered":"https:\/\/www.otiad.org.tr\/?p=3436"},"modified":"2023-07-13T13:04:45","modified_gmt":"2023-07-13T10:04:45","slug":"istanbul-shopping-fest-heyecani-bogazdaki-gosteriyle-basladi","status":"publish","type":"post","link":"https:\/\/www.otiad.org.tr\/it\/13\/06\/2014\/13\/04\/istanbul-shopping-fest-heyecani-bogazdaki-gosteriyle-basladi\/","title":{"rendered":"L'entusiasmo dell'Istanbul Shopping Fest \u00e8 iniziato con lo spettacolo sul Bosforo"},"content":{"rendered":"<p>\u0130stanbul ShoppingFest2014, hem \u0130stanbullular\u0131 hem de \u0130stanbul\u2019u ziyaret eden konuklar\u0131 \u015fa\u015f\u0131rtan, unutulmaz bir partiyle ba\u015flad\u0131. A\u00e7\u0131l\u0131\u015f gecesinde\u0130stanbul dekoru \u00f6n\u00fcnde g\u00f6sterilerini sergileyen WaterRocket grubunun \u015fovu, izleyenlere g\u00f6rsel \u015f\u00f6len ya\u015fatt\u0131<\/p>\n\n\n\n<p>\u0130stanbul\u2019un marka de\u011ferlerinden biri olma yolunda h\u0131zla ilerleyen ve d\u00fczenlendi\u011fi tarihlerde \u015fehirde indirimf\u0131rsatlar\u0131 sunan\u0130stanbul ShoppingFest (\u0130SF),d\u00f6rd\u00fcnc\u00fc y\u0131l\u0131n\u0131n a\u00e7\u0131l\u0131\u015f partisinde s\u00fcrpriz etkinliklere ev sahipli\u011fi yapt\u0131.7-29 Haziran 2014 tarihleri aras\u0131nda d\u00fczenlenecek olan festivalin a\u00e7\u0131l\u0131\u015f\u0131 6 Haziran gecesi Ortak\u00f6y Meydan\u0131 ve House Cafe\u2019deger\u00e7ekle\u015ftirilen etkinliklerle ba\u015flad\u0131.<\/p>\n\n\n\n<p>\u0130stanbul Ticaret Odas\u0131 (\u0130TO) Ba\u015fkan\u0131 &amp; \u0130SF \u0130cra Kurulu Ba\u015fkan\u0131 \u0130brahim \u00c7a\u011flar\u2019\u0131n ev sahipli\u011fini \u00fcstlendi\u011fi House Cafe\u2019de ger\u00e7ekle\u015ftirilen davete; K\u00fclt\u00fcr A.\u015e. Genel M\u00fcd\u00fcr\u00fc Nevzat K\u00fct\u00fck, Birle\u015fmi\u015f Markalar Derne\u011fi Ba\u015fkan\u0131 H\u00fcseyin Do\u011fan, T\u00fcrkiye \u0130hracat\u00e7\u0131lar Birli\u011fi Ba\u015fkan\u0131 Mehmet B\u00fcy\u00fckek\u015fi, \u0130stanbul ShoppingFest Y\u00f6netim Kurulu \u00dcyesi Y\u0131lmaz Y\u0131lmaz, \u0130stanbul ShoppingFest Y\u00f6netim Kurulu \u00dcyesi Sinan \u00d6ncel ve i\u015f d\u00fcnyas\u0131ndan bir\u00e7ok \u00f6nemli isim kat\u0131ld\u0131. \u0130stanbul Ticaret Odas\u0131 (\u0130TO) Ba\u015fkan\u0131 &amp; \u0130SF \u0130cra Kurulu Ba\u015fkan\u0131 \u0130brahim \u00c7a\u011flar, yapt\u0131\u011f\u0131 konu\u015fmada herkesi festival co\u015fkusunu ya\u015famaya davet etti\u011fini belirterek; \u201c\u0130stanbul ShoppingFest heyecan\u0131n\u0131n sadece AVM\u2019lerde de\u011fil, \u015fehrin b\u00fct\u00fcn katmanlar\u0131nda hissedilmesini istiyoruz. Bu nedenle \u0130stanbul B\u00fcy\u00fck\u015fehir Belediye Ba\u015fkan\u0131 Say\u0131n Kadir Topba\u015f\u2019\u0131n platform ba\u015fkanl\u0131\u011f\u0131n\u0131 yapt\u0131\u011f\u0131 festival i\u00e7in t\u00fcm sivil toplum \u00f6rg\u00fctleri ve dernekler de harekete ge\u00e7ti\u201d diye konu\u015ftu.<\/p>\n\n\n\n<p>BO\u011eAZ\u2019DA 12 METRE Y\u00dcKSELEREK \u015eOV YAPTILAR<\/p>\n\n\n\n<p>Gecenin s\u00fcrprizi ise Bo\u011faz\u2019da yapt\u0131klar\u0131 g\u00f6steri ile izleyenleri hayretlere d\u00fc\u015f\u00fcren, g\u00f6rsel bir \u015fov ya\u015fatan WaterRocket grubu oldu. \u0130stanbul ShoppingFest i\u00e7in ilk kez T\u00fcrkiye\u2019ye gelen ve aralar\u0131nda d\u00fcnya \u015fampiyonlar\u0131n\u0131n da bulundu\u011fu grup, Bo\u011faz\u2019\u0131n sular\u0131nda yapt\u0131klar\u0131 \u0131\u015f\u0131kl\u0131 \u015fovla izleyenlere g\u00f6rsel bir \u015f\u00f6len sundu. Wakeboard, s\u00f6rf, kite-surf ve jet-ski\u2019nin bir bile\u015fimi olan ekstrem spor TheFlyBoard\u2019u Bo\u011faz\u2019\u0131n serin sular\u0131nda sergileyen grup zaman zaman izleyenleri heyecanland\u0131rd\u0131. Leonardo Dicaprio, TomCruise gibi \u00fcnl\u00fclerin de yapt\u0131\u011f\u0131 bu sporla \u0130stanbullular\u2019\u0131n kar\u015f\u0131s\u0131na \u00e7\u0131kan WaterRocket, g\u00f6ky\u00fcz\u00fcnde 12 metreye kadar y\u00fckseldi. WaterRocket \u00fcyeleri, \u0130stanbul Bo\u011faz\u0131\u2019n\u0131n b\u00fcy\u00fcleyici manzaras\u0131 kar\u015f\u0131s\u0131nda \u00e7ok etkilendiklerini s\u00f6ylediler.<\/p>\n\n\n\n<p>ORTAK\u00d6Y MEYDANI\u2019NDA DJ PART\u0130<\/p>\n\n\n\n<p>Fransa\u2019dan gelen Toy Brigade,Ensbatucada gruplar\u0131 ile Power FM DJ\u2019leri ise Ortak\u00f6y Meydan\u0131\u2019nda kurulan sahnede sergiledikleri performansla y\u00fczlerce ki\u015fiyi e\u011flendirdi. E\u011flenceli sokak partisi saat 22.00\u2019a kadar devam etti.<\/p>\n\n\n\n<p>\u0130stanbul ShoppingFest ruhu, \u00f6n\u00fcm\u00fczdeki g\u00fcnlerde al\u0131\u015fveri\u015f merkezleri kadar; \u0130stanbul&#8217;un \u00f6nemli al\u0131\u015fveri\u015f caddelerini de saracak. 23 g\u00fcn boyuncadevam edecek olan sokak \u015fenlikleri, konserler, g\u00f6steriler, \u00e7ocuklara \u00f6zel oyunlar, partiler, yar\u0131\u015fmalar ve defilelerle hareketlenen \u015fehirde e\u011flencenin temposu y\u00fckselecek. \u0130stanbul\u2019un tarihi dokusuyla birle\u015fecek olan etkinlikler yerli ve yabanc\u0131 turistlerin yan\u0131 s\u0131ra \u0130stanbullular i\u00e7in de b\u00fcy\u00fck heyecan f\u0131rt\u0131nas\u0131 estirecek.<\/p>\n\n\n\n<p>ISFhakk\u0131nda daha fazla bilgi i\u00e7in;<\/p>\n\n\n\n<p>Nurbanu G\u00fcney Elbir, 0546 272 90 11<\/p>\n\n\n\n<p>Accord \u0130leti\u015fim; 0212 275 47 10<\/p>\n\n\n\n<p>nelbir@accord-pr.com<\/p>\n\n\n\n<p>Edit\u00f6re Not:<\/p>\n\n\n\n<p>\u0130SF Hakk\u0131nda<\/p>\n\n\n\n<p>Yurtd\u0131\u015f\u0131 tan\u0131t\u0131m\u0131 K\u00fclt\u00fcr ve Turizm Bakanl\u0131\u011f\u0131 taraf\u0131ndan ger\u00e7ekle\u015ftirilen ve \u0130stanbul\u2019un yerel ve idari kurumlar\u0131 ile ba\u015fta T\u00fcrk Hava Yollar\u0131 (THY), Colgate Beyaz Optik, Power FM olmak \u00fczere g\u00fc\u00e7l\u00fc sponsorlarla yola \u00e7\u0131kan \u0130SF, e\u011flence ve al\u0131\u015fveri\u015fi bir araya getiriyor.<\/p>\n\n\n\n<p>T\u00fcrkiye ekonomisine b\u00fcy\u00fck katk\u0131 sa\u011flayan festivalin d\u00f6rd\u00fcnc\u00fcs\u00fc, \u0130cra Kurulu \u00dcyeleri; \u0130stanbul Ticaret Odas\u0131 (\u0130TO), K\u00fclt\u00fcr A.\u015e., T\u00fcm Al\u0131\u015fveri\u015f Merkezleri ve Perakendeciler Federasyonu (TAMPF), T\u00fcrkiye Seyahat Acentalar\u0131 Birli\u011fi (T\u00dcRSAB) i\u015fbirli\u011fi ile hayata ge\u00e7iyor.<\/p>\n\n\n\n<p>\u0130stanbul ShoppingFest 2014 y\u0131l\u0131nda T\u00fcrk Hava Yollar\u0131 (THY), \u0130stanbul Sabiha G\u00f6k\u00e7en Havaliman\u0131 (ISG), Birle\u015fmi\u015f Markalar Derne\u011fi (BMD), Al\u0131\u015fveri\u015f Merkezi Yat\u0131r\u0131mc\u0131lar\u0131 Derne\u011fi\u2019nin (AYD), T\u00fcrkiye \u0130hracat\u00e7\u0131lar Meclisi (T\u0130M), Kategori Ma\u011fazac\u0131lar\u0131 Derne\u011fi (KMD), G\u0131da Perakendicileri Derne\u011fi (GPD), Turistik Restoran \u0130\u015fletmecileri Derne\u011fi (TURY\u0130D), Tescilli Markalar Derne\u011fi (TMD), \u0130stanbul Kuyumcular Odas\u0131 (\u0130KO), Osmanbey Tekstilci \u0130\u015fadamlar\u0131 Derne\u011fi (OT\u0130AD), Kapal\u0131\u00e7ar\u015f\u0131 Esnaflar\u0131 Derne\u011fi, Mahmutpa\u015fa Esnaflar\u0131 Derne\u011fi, Y\u00fczy\u0131ll\u0131k Markalar Derne\u011fi, Turistik Otelciler, \u0130\u015fletmeciler Ve Yat\u0131r\u0131mc\u0131lar Birli\u011fi (TUROB), Laleli \u0130\u015fadamlar\u0131 Derne\u011fi, Merter \u0130\u015fadamlar\u0131 Derne\u011fi, Taksiciler Odas\u0131 ile i\u015fbirli\u011fi yap\u0131yor.<\/p>\n\n\n\n<p>FEST\u0130VALE 23 AVM KATILIYOR<\/p>\n\n\n\n<p>Festivalin alt\u0131n kat\u0131l\u0131mc\u0131 AVM\u2019leri 212 \u0130stanbul PowerOutlet, \u0130stinyePark, Kanyon ve Zorlu Center olacak. A\u00e7\u0131l\u0131\u015f partisinin ger\u00e7ekle\u015ftirilece\u011fi Mall Of \u0130stanbul ve kapan\u0131\u015f partisine ev sahipli\u011fi yapacak olan Vialand festival i\u00e7in g\u00fcm\u00fc\u015f kat\u0131l\u0131mla kap\u0131lar\u0131n\u0131 misafirlerine a\u00e7acaklar.<\/p>\n\n\n\n<p>Festivalin di\u011fer kat\u0131l\u0131mc\u0131 AVM\u2019leri ise Akasya Ac\u0131badem, Akbat\u0131 Al\u0131\u015fveri\u015f ve Ya\u015fam Merkezi, Akmerkez, Aqua Florya Al\u0131\u015fveri\u015f Merkezi, Capitol, Carousel Al\u0131\u015fveri\u015f ve Ya\u015fam Merkezi, City&#8217;s Ni\u015fanta\u015f\u0131, Demir\u00f6ren \u0130stiklal, Forum \u0130stanbul Al\u0131\u015fveri\u015f Merkezi , \u0130stanbul Cevahir Al\u0131\u015fveri\u015f ve E\u011flence Merkezi, Maltepe Park AVM, Marmara Forum, Marmara Park, MetroCity Al\u0131\u015fveri\u015f Merkezi, Palladium Al\u0131\u015fveri\u015f Merkezi Ata\u015fehir, Pendorya Al\u0131\u015fveri\u015f Merkezi, Trump Al\u0131\u015fveri\u015f Merkezi olacak.<\/p>","protected":false},"excerpt":{"rendered":"<p class=\"tx-excerpt\">L'Istanbul ShoppingFest 2014 \u00e8 iniziato con una festa indimenticabile che ha sorpreso sia gli abitanti di Istanbul che gli ospiti in visita a Istanbul. Nella serata di apertura, lo spettacolo del gruppo WaterRocket, che si \u00e8 esibito di fronte al decoro di Istanbul, ha regalato al pubblico una festa visiva del marchio di Istanbul [...]\n<\/p>","protected":false},"author":1,"featured_media":0,"comment_status":"open","ping_status":"open","sticky":false,"template":"","format":"standard","meta":{"footnotes":""},"categories":[3],"tags":[],"class_list":["post-3436","post","type-post","status-publish","format-standard","hentry","category-duyurular"],"_links":{"self":[{"href":"https:\/\/www.otiad.org.tr\/it\/wp-json\/wp\/v2\/posts\/3436","targetHints":{"allow":["GET"]}}],"collection":[{"href":"https:\/\/www.otiad.org.tr\/it\/wp-json\/wp\/v2\/posts"}],"about":[{"href":"https:\/\/www.otiad.org.tr\/it\/wp-json\/wp\/v2\/types\/post"}],"author":[{"embeddable":true,"href":"https:\/\/www.otiad.org.tr\/it\/wp-json\/wp\/v2\/users\/1"}],"replies":[{"embeddable":true,"href":"https:\/\/www.otiad.org.tr\/it\/wp-json\/wp\/v2\/comments?post=3436"}],"version-history":[{"count":1,"href":"https:\/\/www.otiad.org.tr\/it\/wp-json\/wp\/v2\/posts\/3436\/revisions"}],"predecessor-version":[{"id":3437,"href":"https:\/\/www.otiad.org.tr\/it\/wp-json\/wp\/v2\/posts\/3436\/revisions\/3437"}],"wp:attachment":[{"href":"https:\/\/www.otiad.org.tr\/it\/wp-json\/wp\/v2\/media?parent=3436"}],"wp:term":[{"taxonomy":"category","embeddable":true,"href":"https:\/\/www.otiad.org.tr\/it\/wp-json\/wp\/v2\/categories?post=3436"},{"taxonomy":"post_tag","embeddable":true,"href":"https:\/\/www.otiad.org.tr\/it\/wp-json\/wp\/v2\/tags?post=3436"}],"curies":[{"name":"wp","href":"https:\/\/api.w.org\/{rel}","templated":true}]}}