{"id":3977,"date":"2016-12-29T12:49:57","date_gmt":"2016-12-29T09:49:57","guid":{"rendered":"https:\/\/www.otiad.org.tr\/?p=3977"},"modified":"2023-07-18T12:50:09","modified_gmt":"2023-07-18T09:50:09","slug":"otiadtan-sisli-district-governor-idris-akbiyika-good-get-well-visit","status":"publish","type":"post","link":"https:\/\/www.otiad.org.tr\/en\/29\/12\/2016\/12\/49\/otiadtan-sisli-district-governor-idris-akbiyika-good-get-well-visit\/","title":{"rendered":"\"Good Luck\" Visit to \u015ei\u015fli District Governor \u0130dris Akb\u0131y\u0131k from OT\u0130AD"},"content":{"rendered":"<p>OT\u0130AD President \u0130lker Karata\u015f and the accompanying delegation paid an auspicious visit to \u0130dris Akb\u0131y\u0131k, who was appointed as \u015ei\u015fli District Governor.<\/p>\n\n\n\n<p>\u015ei\u015fli District Governor \u0130dris Akb\u0131y\u0131k conveyed his thanks to President \u0130lker Karata\u015f and accompanying Vice Presidents Tamer Pala, Nevzat Ataman; Board Members A. R\u0131dvan Kanda\u011f, \u0130brahim Hakk\u0131 Erdem and Secretary General Sami Kurt for their kind visit and expressed his satisfaction for being appointed as \u015ei\u015fli District Governor. OT\u0130AD President \u0130lker Karata\u015f conveyed his wishes of good luck to Akb\u0131y\u0131k and stated that he believes that he will produce productive works for \u015ei\u015fli and hopes that good services will be achieved with team spirit and that OT\u0130AD is ready for all kinds of cooperation in this framework. President Karata\u015f gave a wide information about OT\u0130AD and Osmanbey and invited District Governor \u0130dris Akb\u0131y\u0131k to the opening of Fashionist Fair on January 17th. The conversation about \u015ei\u015fli in general and Osmanbey in particular ended with good wishes.<\/p>\n\n\n\n<p>About Sisli District Governor Idris AKBIYIK<\/p>\n\n\n\n<p>In 1971, Malatya<code>He was born in \u00c7avu\u015flu village of Do\u011fan\u015fehir district of Do\u011fan\u015fehir. He completed primary school in \u00c7avu\u015flu Village Primary School, secondary school and high school education in Polat Town with a very good degree. In 1986, he entered A.U. Faculty of Political Sciences, Department of Public Administration and graduated with a good degree in 1990. Erciyes University Institute of Social Sciences Department of Economics in Turkey<\/code>He completed his master's degree with a thesis on Foreign Direct Investment and Employment in Turkey. He is currently continuing his PhD program at Sakarya University, Institute of Social Sciences, Department of Political Science and Public Administration.<br>After one year of special training at the Police Academy in 1991-92, he served as an Assistant Commissioner in Bursa Police Department for two years. In 1994, he joined the profession of Civil Administration.<br>He worked 6 months as Sinop District Governor Candidate and 5 months as Ye\u015filyurt District Governor. Ankara<code>in the UK for 8 months after a 4-month English course.<\/code>in Elaz\u0131\u011f for the purpose of study-research and training. 1.5 months in Elazig<code>He did his inspection internship in the accompaniment of M\u00fclkiye Inspector. He served as Deputy District Governor in Afyon-\u0130hsaniye and Denizli- G\u00fcney districts for 8 months. 4 months in Ankara<\/code>and after the District Governor course at the Ministry of Interior,<br>He was appointed as the District Governor of \u0130kizdere District in Rize province.<br>Between 1997-1999 in \u0130kizdere District,<br>1999-2001 in Elaz\u0131\u011f-A\u011f\u0131n district,<br>Between 2001-2005, he worked in the \u00c7\u0131nar district of Diyarbak\u0131r,<br>Between 25.10.2005-19.10.2006 in S\u0131nd\u0131rg\u0131 district,<br>Between 20.10.2006-11.08.2010 in Yahyal\u0131 district,<br>Between 12.08.2010-04.08.2015 in Geyve District<br>Between 07.08.2015-15.12.2016, he served as a District Governor in Hendek District,<br>Since 21.12.2016, he has been serving as \u015ei\u015fli District Governor.<br>\u0130dris Akb\u0131y\u0131k, who is in his 25th year in the Civil Service and 23rd year in the Civil Administration, is a 1st Class Civil Administrator.<\/p>","protected":false},"excerpt":{"rendered":"<p class=\"tx-excerpt\">OT\u0130AD President \u0130lker Karata\u015f and the accompanying delegation paid an auspicious visit to \u0130dris Akb\u0131y\u0131k, who was appointed as \u015ei\u015fli District Governor. \u015ei\u015fli District Governor \u0130dris Akb\u0131y\u0131k thanked President \u0130lker Karata\u015f and the accompanying Vice Presidents for their kind visit [...].\n<\/p>","protected":false},"author":1,"featured_media":0,"comment_status":"open","ping_status":"open","sticky":false,"template":"","format":"standard","meta":{"footnotes":""},"categories":[3],"tags":[],"class_list":["post-3977","post","type-post","status-publish","format-standard","hentry","category-duyurular"],"_links":{"self":[{"href":"https:\/\/www.otiad.org.tr\/en\/wp-json\/wp\/v2\/posts\/3977","targetHints":{"allow":["GET"]}}],"collection":[{"href":"https:\/\/www.otiad.org.tr\/en\/wp-json\/wp\/v2\/posts"}],"about":[{"href":"https:\/\/www.otiad.org.tr\/en\/wp-json\/wp\/v2\/types\/post"}],"author":[{"embeddable":true,"href":"https:\/\/www.otiad.org.tr\/en\/wp-json\/wp\/v2\/users\/1"}],"replies":[{"embeddable":true,"href":"https:\/\/www.otiad.org.tr\/en\/wp-json\/wp\/v2\/comments?post=3977"}],"version-history":[{"count":1,"href":"https:\/\/www.otiad.org.tr\/en\/wp-json\/wp\/v2\/posts\/3977\/revisions"}],"predecessor-version":[{"id":3978,"href":"https:\/\/www.otiad.org.tr\/en\/wp-json\/wp\/v2\/posts\/3977\/revisions\/3978"}],"wp:attachment":[{"href":"https:\/\/www.otiad.org.tr\/en\/wp-json\/wp\/v2\/media?parent=3977"}],"wp:term":[{"taxonomy":"category","embeddable":true,"href":"https:\/\/www.otiad.org.tr\/en\/wp-json\/wp\/v2\/categories?post=3977"},{"taxonomy":"post_tag","embeddable":true,"href":"https:\/\/www.otiad.org.tr\/en\/wp-json\/wp\/v2\/tags?post=3977"}],"curies":[{"name":"wp","href":"https:\/\/api.w.org\/{rel}","templated":true}]}}