{"id":5238,"date":"2023-01-10T13:00:48","date_gmt":"2023-01-10T10:00:48","guid":{"rendered":"https:\/\/www.otiad.org.tr\/?p=5238"},"modified":"2023-07-28T13:01:16","modified_gmt":"2023-07-28T10:01:16","slug":"grand-international-expo-group","status":"publish","type":"post","link":"https:\/\/www.otiad.org.tr\/ar\/10\/01\/2023\/13\/00\/grand-international-expo-group\/","title":{"rendered":"Grand International Expo Group"},"content":{"rendered":"<p>OT\u0130AD Ba\u015fkan\u0131m\u0131z Kemal Kartal ve Fuar Komite Ba\u015fkan\u0131m\u0131z F. Oktay Demir Grand International Expo Group Yetkilisi Olcay Bildik ile bir araya geldi. 2023&#8217;de birlikte yap\u0131labilecek projeler ve FASHION\u0130ST 2023 Fuar\u0131m\u0131z\u0131n al\u0131m heyeti ile ilgili g\u00f6r\u00fc\u015fmeler yap\u0131ld\u0131.<\/p>\n\n\n\n<figure class=\"wp-block-image size-large\"><img fetchpriority=\"high\" decoding=\"async\" width=\"1024\" height=\"667\" src=\"https:\/\/www.otiad.org.tr\/wp-content\/uploads\/2023\/07\/grand-international-1024x667.jpeg\" alt=\"\" class=\"wp-image-5239\" srcset=\"https:\/\/www.otiad.org.tr\/wp-content\/uploads\/2023\/07\/grand-international-1024x667.jpeg 1024w, https:\/\/www.otiad.org.tr\/wp-content\/uploads\/2023\/07\/grand-international-300x195.jpeg 300w, https:\/\/www.otiad.org.tr\/wp-content\/uploads\/2023\/07\/grand-international-768x500.jpeg 768w, https:\/\/www.otiad.org.tr\/wp-content\/uploads\/2023\/07\/grand-international-370x241.jpeg 370w, https:\/\/www.otiad.org.tr\/wp-content\/uploads\/2023\/07\/grand-international-760x495.jpeg 760w, https:\/\/www.otiad.org.tr\/wp-content\/uploads\/2023\/07\/grand-international-200x130.jpeg 200w, https:\/\/www.otiad.org.tr\/wp-content\/uploads\/2023\/07\/grand-international.jpeg 1400w\" sizes=\"(max-width: 1024px) 100vw, 1024px\" \/><\/figure>","protected":false},"excerpt":{"rendered":"<p class=\"tx-excerpt\">OT\u0130AD Ba\u015fkan\u0131m\u0131z Kemal Kartal ve Fuar Komite Ba\u015fkan\u0131m\u0131z F. Oktay Demir Grand International Expo Group Yetkilisi Olcay Bildik ile bir araya geldi. 2023&#8217;de birlikte yap\u0131labilecek projeler ve FASHION\u0130ST 2023 Fuar\u0131m\u0131z\u0131n [&hellip;]\n<\/p>","protected":false},"author":1,"featured_media":5239,"comment_status":"open","ping_status":"open","sticky":false,"template":"","format":"standard","meta":{"footnotes":""},"categories":[19],"tags":[],"class_list":["post-5238","post","type-post","status-publish","format-standard","has-post-thumbnail","hentry","category-haberler"],"_links":{"self":[{"href":"https:\/\/www.otiad.org.tr\/ar\/wp-json\/wp\/v2\/posts\/5238","targetHints":{"allow":["GET"]}}],"collection":[{"href":"https:\/\/www.otiad.org.tr\/ar\/wp-json\/wp\/v2\/posts"}],"about":[{"href":"https:\/\/www.otiad.org.tr\/ar\/wp-json\/wp\/v2\/types\/post"}],"author":[{"embeddable":true,"href":"https:\/\/www.otiad.org.tr\/ar\/wp-json\/wp\/v2\/users\/1"}],"replies":[{"embeddable":true,"href":"https:\/\/www.otiad.org.tr\/ar\/wp-json\/wp\/v2\/comments?post=5238"}],"version-history":[{"count":1,"href":"https:\/\/www.otiad.org.tr\/ar\/wp-json\/wp\/v2\/posts\/5238\/revisions"}],"predecessor-version":[{"id":5240,"href":"https:\/\/www.otiad.org.tr\/ar\/wp-json\/wp\/v2\/posts\/5238\/revisions\/5240"}],"wp:featuredmedia":[{"embeddable":true,"href":"https:\/\/www.otiad.org.tr\/ar\/wp-json\/wp\/v2\/media\/5239"}],"wp:attachment":[{"href":"https:\/\/www.otiad.org.tr\/ar\/wp-json\/wp\/v2\/media?parent=5238"}],"wp:term":[{"taxonomy":"category","embeddable":true,"href":"https:\/\/www.otiad.org.tr\/ar\/wp-json\/wp\/v2\/categories?post=5238"},{"taxonomy":"post_tag","embeddable":true,"href":"https:\/\/www.otiad.org.tr\/ar\/wp-json\/wp\/v2\/tags?post=5238"}],"curies":[{"name":"wp","href":"https:\/\/api.w.org\/{rel}","templated":true}]}}