{"id":3975,"date":"2016-12-27T12:48:18","date_gmt":"2016-12-27T09:48:18","guid":{"rendered":"https:\/\/www.otiad.org.tr\/?p=3975"},"modified":"2023-07-18T16:18:08","modified_gmt":"2023-07-18T13:18:08","slug":"tekstil-ve-hazir-giyim-sektoru-halep-icin-el-ele-verdi","status":"publish","type":"post","link":"https:\/\/www.otiad.org.tr\/ar\/27\/12\/2016\/12\/48\/tekstil-ve-hazir-giyim-sektoru-halep-icin-el-ele-verdi\/","title":{"rendered":"\u0642\u062f\u0645 \u0642\u0637\u0627\u0639 \u0627\u0644\u0645\u0646\u0633\u0648\u062c\u0627\u062a \u0648\u0627\u0644\u0645\u0644\u0627\u0628\u0633 \u0627\u0644\u062c\u0627\u0647\u0632\u0629 \"\u064a\u062f\u0627\u064b \u0628\u064a\u062f \u0645\u0646 \u0623\u062c\u0644 \u062d\u0644\u0628\""},"content":{"rendered":"<p>Halep\u2019e 21 t\u0131rl\u0131k yard\u0131m tekstil ve haz\u0131r giyim sekt\u00f6r\u00fcnde faaliyet g\u00f6steren ihracat\u00e7\u0131lar birlikleri ve derne\u011fimiz OT\u0130AD\u2019\u0131n da aralar\u0131nda bulundu\u011fu dernekler \u201cHalep \u0130\u00e7in Elele\u201d slogan\u0131 ile toplad\u0131klar\u0131 21 t\u0131r dolusu malzeme K\u0131z\u0131lay Koordinasyonuyla Halep\u2019e g\u00f6nderdi.<\/p>\n\n\n\n<pre class=\"wp-block-code\"><code> Tekstil ve haz\u0131 rgiyim sekt\u00f6r\u00fcnde faaliyet g\u00f6steren ihracat\u00e7\u0131lar birlikleri ve dernekler \u201cHalep \u0130\u00e7in Elele\u201d slogan\u0131 ile toplad\u0131klar\u0131 21 t\u0131r dolusu malzeme K\u0131z\u0131lay Koordinasyonuyla Halep\u2019e g\u00f6nderdi.\n\n Halep\u2019te sava\u015ftan etkilenenlere yard\u0131m g\u00f6ndermek i\u00e7in tekstil ve haz\u0131r giyim sekt\u00f6r\u00fcnde faaliyet g\u00f6steren \u0130hracat\u00e7\u0131lar birlikleri ve dernekler \u201cHalep \u0130\u00e7in Elele\u201d slogan\u0131 ile toplad\u0131klar\u0131 21 t\u0131r dolusu malzemenin K\u0131z\u0131lay Koordinasyonu ile Halep\u2019e g\u00f6nderilmesine ili\u015fkin D\u0131\u015f Ticaret Kompleksi bah\u00e7esinde t\u00f6ren ile d\u00fczenlendi. T\u00f6rene, T\u00fcrk K\u0131z\u0131lay Genel Ba\u015fkan\u0131 Dr. Kerem K\u0131n\u0131k, \u0130TH\u0130B Y\u00f6netim Kurulu Ba\u015fkan\u0131 \u0130smail G\u00fclle, \u0130HK\u0130B Y\u00f6netim Kurulu Ba\u015fkan\u0131 Hikmet Tanr\u0131verdi, OT\u0130AD Ba\u015fkan\u0131 \u0130lker Karata\u015f, \u0130DM\u0130B Y\u00f6netim Kurulu Ba\u015fkan\u0131 Mustafa \u015eenocak, \u0130H\u0130B Y\u00f6netim Kurulu Ba\u015fkan\u0131 U\u011fur Uysal, BAT\u0130AD Y\u00f6netim Kurulu Ba\u015fkan\u0131 Ayd\u0131n Erten, \u00c7SS Y\u00f6netim Kurulu Ba\u015fkan\u0131 B\u00fclent \u0130yik\u00fchal, LAS\u0130AD Y\u00f6netim Kurulu Ba\u015fkan\u0131 Giyasettin Eyy\u00fcpkoca, MES\u0130AD Y\u00f6netim Kurulu Ba\u015fkan\u0131 Yusuf Gec\u00fc, T\u00fcrkiye Giyim Sanayicileri Derne\u011fi (TGSD) Ba\u015fkan\u0131 \u015eeref Fayat, T\u00fcm \u0130\u00e7 Giyim Sanayicileri Derne\u011fi (T\u0130GSAD) Ba\u015fkan\u0131 \u0130rfan \u00d6zhamaratl\u0131, T\u00fcrkiye Triko Sanayicileri Derne\u011fi (TR\u0130SAD) Ba\u015fkan\u0131 Mustafa Balkuv ve destek veren kurumlar\u0131n \u00e7al\u0131\u015fanlar\u0131 kat\u0131ld\u0131.\n\n G\u0131da \u00fcr\u00fcnleri, Giyim Malzemesi, Battaniye, Ayakkab\u0131 ve Temizlik malzemeleri gibi temel ihtiya\u00e7 maddelerinin yer ald\u0131\u011f\u0131 21 T\u0131r Dolusu yard\u0131m malzemesi dualar e\u015fli\u011finde D\u0131\u015f Ticaret Kompleksi bah\u00e7esinde d\u00fczenlenen t\u00f6ren ile Halep\u2019e g\u00f6nderdi. Protokol konu\u015fmalar\u0131 ile ba\u015flayan t\u00f6rende Halep\u2019te insanl\u0131k dram\u0131 ya\u015fayan vatanda\u015flar i\u00e7in dualar edildi. Ard\u0131ndan 21 t\u0131r dolusu yard\u0131m malzemesi yola \u00e7\u0131kt\u0131.\n\n \u201cToplam G\u00f6nderilen T\u0131r\u0131m\u0131z 1010\u2019u A\u015ft\u0131 \u201d\n Tekstil ve haz\u0131rgiyim sekt\u00f6r\u00fcnde faaliyet g\u00f6steren \u0130hracat\u00e7\u0131lar birlikleri ve derneklerinin bir araya gelerek yard\u0131m toplad\u0131klar\u0131n\u0131 ifade eden T\u00fcrk K\u0131z\u0131lay Genel Ba\u015fkan\u0131 Dr. Kerem K\u0131n\u0131k, \u201c Toplad\u0131klar\u0131 21 t\u0131r malzemeyi K\u0131z\u0131lay\u2019a ba\u011f\u0131\u015flad\u0131lar. Biz de bu yard\u0131mlar\u0131 Halep\u2019ten \u0130dlib\u2019e gelen 40 bin ihtiya\u00e7 sahibi insan\u0131n kullanmas\u0131 i\u00e7in b\u00f6lgeye g\u00f6ndermi\u015f olduk. \u015eimdiye kadar K\u0131z\u0131lay arac\u0131l\u0131\u011f\u0131 ile Suriye\u2019ye Halep operasyonu ba\u015flad\u0131\u011f\u0131 g\u00fcnden buyana 575 t\u0131r insani yard\u0131m malzemesi g\u00f6nderildi. Di\u011fer sivil toplum kurulu\u015flar\u0131 ile birlikte bu say\u0131 toplam g\u00f6nderilen t\u0131r\u0131m\u0131z 1010\u2019u a\u015ft\u0131\u201d dedi.\n\n \u201cBiz Bu Vah\u015feti Seyretmiyoruz\u201d\n Suriye\u2019de d\u00fcnyan\u0131n seyretti\u011fi bir vah\u015fetin ya\u015fand\u0131\u011f\u0131n\u0131 dile getiren \u0130TH\u0130B Y\u00f6netim Kurulu Ba\u015fkan\u0131 \u0130smail G\u00fclle, \u201cBurada bu vah\u015feti sadece T\u00fcrkiye seyretmiyor, askeri ile Cumhurba\u015fkan\u0131m\u0131z ve halk\u0131m\u0131z ile biz bu vah\u015feti seyretmiyoruz. Burada insanl\u0131ktan yana tavr\u0131m\u0131z\u0131 ortaya koyuyoruz. Bosna\u2019da ya\u015fand\u0131 seyredildi ama Halep i\u00e7in ayn\u0131 \u015fekilde kalmas\u0131 g\u00f6nl\u00fcm\u00fcz raz\u0131 gelmedi\u201d \u015feklinde ifadeler kulland\u0131.\n\n \u201cAllah Herkesten Raz\u0131 Olsun\u201d\n OT\u0130AD Ba\u015fkan\u0131 \u0130lker Karata\u015f da yapt\u0131\u011f\u0131 konu\u015fmas\u0131nda, \u201cBizler OT\u0130AD olarak Peygamber efendimizin de buyurdu\u011fu gibi \u2018Kom\u015fusu a\u00e7ken tok olan bizden de\u011fildir\u2019 sorumlulu\u011fuyla ve Halep\u2019te ya\u015fanan insanl\u0131k dram\u0131na seyirci kalamazd\u0131k. Tarih boyunca milletimiz her zaman mazlumlar\u0131n yan\u0131nda olmu\u015ftur. Dolay\u0131s\u0131yla mutluluklar payla\u015f\u0131l\u0131nca \u00e7o\u011fal\u0131r, ac\u0131lar payla\u015f\u0131nca azal\u0131r duygusuyla bu kampanyaya omuz veren herkesten Allah raz\u0131 olsun\u201d dedi.<\/code><\/pre>","protected":false},"excerpt":{"rendered":"<p class=\"tx-excerpt\">Halep\u2019e 21 t\u0131rl\u0131k yard\u0131m tekstil ve haz\u0131r giyim sekt\u00f6r\u00fcnde faaliyet g\u00f6steren ihracat\u00e7\u0131lar birlikleri ve derne\u011fimiz OT\u0130AD\u2019\u0131n da aralar\u0131nda bulundu\u011fu dernekler \u201cHalep \u0130\u00e7in Elele\u201d slogan\u0131 ile toplad\u0131klar\u0131 21 t\u0131r dolusu malzeme [&hellip;]\n<\/p>","protected":false},"author":1,"featured_media":0,"comment_status":"open","ping_status":"open","sticky":false,"template":"","format":"standard","meta":{"footnotes":""},"categories":[3],"tags":[],"class_list":["post-3975","post","type-post","status-publish","format-standard","hentry","category-duyurular"],"_links":{"self":[{"href":"https:\/\/www.otiad.org.tr\/ar\/wp-json\/wp\/v2\/posts\/3975","targetHints":{"allow":["GET"]}}],"collection":[{"href":"https:\/\/www.otiad.org.tr\/ar\/wp-json\/wp\/v2\/posts"}],"about":[{"href":"https:\/\/www.otiad.org.tr\/ar\/wp-json\/wp\/v2\/types\/post"}],"author":[{"embeddable":true,"href":"https:\/\/www.otiad.org.tr\/ar\/wp-json\/wp\/v2\/users\/1"}],"replies":[{"embeddable":true,"href":"https:\/\/www.otiad.org.tr\/ar\/wp-json\/wp\/v2\/comments?post=3975"}],"version-history":[{"count":1,"href":"https:\/\/www.otiad.org.tr\/ar\/wp-json\/wp\/v2\/posts\/3975\/revisions"}],"predecessor-version":[{"id":3976,"href":"https:\/\/www.otiad.org.tr\/ar\/wp-json\/wp\/v2\/posts\/3975\/revisions\/3976"}],"wp:attachment":[{"href":"https:\/\/www.otiad.org.tr\/ar\/wp-json\/wp\/v2\/media?parent=3975"}],"wp:term":[{"taxonomy":"category","embeddable":true,"href":"https:\/\/www.otiad.org.tr\/ar\/wp-json\/wp\/v2\/categories?post=3975"},{"taxonomy":"post_tag","embeddable":true,"href":"https:\/\/www.otiad.org.tr\/ar\/wp-json\/wp\/v2\/tags?post=3975"}],"curies":[{"name":"wp","href":"https:\/\/api.w.org\/{rel}","templated":true}]}}