{"id":3547,"date":"2014-10-18T17:10:17","date_gmt":"2014-10-18T14:10:17","guid":{"rendered":"https:\/\/www.otiad.org.tr\/?p=3547"},"modified":"2023-07-13T17:10:33","modified_gmt":"2023-07-13T14:10:33","slug":"otiadtan-bir-ilk-otelcilerle-bir-araya-geldi","status":"publish","type":"post","link":"https:\/\/www.otiad.org.tr\/ar\/18\/10\/2014\/17\/10\/otiadtan-bir-ilk-otelcilerle-bir-araya-geldi\/","title":{"rendered":"\u0644\u0623\u0648\u0644 \u0645\u0631\u0629 \u0645\u0646 OT\u0130AD\u061b \u0627\u062c\u062a\u0645\u0639\u0646\u0627 \u0645\u0639 \u0623\u0635\u062d\u0627\u0628 \u0627\u0644\u0641\u0646\u0627\u062f\u0642..."},"content":{"rendered":"<p>Markala\u015fma yolunda emin ad\u0131mlarla ilerleyen tekstil ve haz\u0131r giyim d\u00fcnyas\u0131n\u0131n en geni\u015f tabanl\u0131 i\u015fadam\u0131 derne\u011fi OT\u0130AD, sekt\u00f6rel komite ve hizmet komisyonlar\u0131yla, Osmanbey\u2019de faaliyet g\u00f6steren otel temsilcileriyle ilk defa bir araya geldi.<\/p>\n\n\n\n<pre class=\"wp-block-code\"><code>   Osmanbey Tekstilci \u0130\u015fadamlar\u0131 Derne\u011fi (OT\u0130AD) Osmanbey\u2019de faaliyet g\u00f6steren otelcilerle geni\u015f kat\u0131l\u0131ml\u0131 bir toplant\u0131 yapt\u0131. OT\u0130AD\u2019ta ger\u00e7ekle\u015ftirilen toplant\u0131ya otelcilerin ilgisi de yo\u011fun oldu.\n\n   Toplant\u0131ya Ba\u015fkan \u0130lker Karata\u015f, OT\u0130AD Turizm ve G\u0131dac\u0131lar Komitesi Ba\u015fkan\u0131 S\u00fcleyman Art\u0131k, komite \u00fcyeleri ve otellerin temsilcileri kat\u0131ld\u0131. Ba\u015fkan \u0130lker Karata\u015f\u2019\u0131n ba\u015fkanl\u0131\u011f\u0131nda ger\u00e7ekle\u015ftirilen toplant\u0131da otel temsilcileri s\u0131k\u0131nt\u0131lar\u0131n\u0131 dile getirdi. Otelciler \u00f6zellikle trafik, g\u00fcvenlik, \u00e7evre temizli\u011fi, park sorunu gibi konularda \u015fik\u00e2yetleri dile getirdi. \n\n   Ba\u015fkan Karata\u015f ise Osmanbey\u2019de t\u00fcm sekt\u00f6rlerin rahat\u00e7a faaliyetlerini s\u00fcrd\u00fcrmeleri i\u00e7in \u00e7al\u0131\u015fmalar\u0131n\u0131 s\u00fcrd\u00fcrd\u00fcklerini belirterek, OT\u0130AD\u2019\u0131n sadece tekstil ve haz\u0131r giyim sekt\u00f6r\u00fcn\u00fcn de\u011fil t\u00fcm sekt\u00f6rlerin kendini ifade edebilece\u011fi, sorunlar\u0131n\u0131 bu \u00e7at\u0131 alt\u0131nda \u00e7\u00f6z\u00fcme kavu\u015fturabilece\u011fi bir dernek oldu\u011funu s\u00f6yledi.\n\n   Toplant\u0131ya kat\u0131lan otel temsilcileri de sekt\u00f6r\u00fcn sorunlar\u0131na y\u00f6nelik hassasiyetinden \u00f6t\u00fcr\u00fc OT\u0130AD\u2019a te\u015fekk\u00fcr etti. Otel temsilcileri ayr\u0131ca sekt\u00f6rel dayan\u0131\u015fma mesaj\u0131nda da bulundu ve bundan b\u00f6yle d\u00fczenli olarak bir araya gelme karar\u0131 al\u0131nd\u0131.<\/code><\/pre>","protected":false},"excerpt":{"rendered":"<p class=\"tx-excerpt\">Markala\u015fma yolunda emin ad\u0131mlarla ilerleyen tekstil ve haz\u0131r giyim d\u00fcnyas\u0131n\u0131n en geni\u015f tabanl\u0131 i\u015fadam\u0131 derne\u011fi OT\u0130AD, sekt\u00f6rel komite ve hizmet komisyonlar\u0131yla, Osmanbey\u2019de faaliyet g\u00f6steren otel temsilcileriyle ilk defa bir araya [&hellip;]\n<\/p>","protected":false},"author":1,"featured_media":0,"comment_status":"open","ping_status":"open","sticky":false,"template":"","format":"standard","meta":{"footnotes":""},"categories":[3],"tags":[],"class_list":["post-3547","post","type-post","status-publish","format-standard","hentry","category-duyurular"],"_links":{"self":[{"href":"https:\/\/www.otiad.org.tr\/ar\/wp-json\/wp\/v2\/posts\/3547","targetHints":{"allow":["GET"]}}],"collection":[{"href":"https:\/\/www.otiad.org.tr\/ar\/wp-json\/wp\/v2\/posts"}],"about":[{"href":"https:\/\/www.otiad.org.tr\/ar\/wp-json\/wp\/v2\/types\/post"}],"author":[{"embeddable":true,"href":"https:\/\/www.otiad.org.tr\/ar\/wp-json\/wp\/v2\/users\/1"}],"replies":[{"embeddable":true,"href":"https:\/\/www.otiad.org.tr\/ar\/wp-json\/wp\/v2\/comments?post=3547"}],"version-history":[{"count":1,"href":"https:\/\/www.otiad.org.tr\/ar\/wp-json\/wp\/v2\/posts\/3547\/revisions"}],"predecessor-version":[{"id":3548,"href":"https:\/\/www.otiad.org.tr\/ar\/wp-json\/wp\/v2\/posts\/3547\/revisions\/3548"}],"wp:attachment":[{"href":"https:\/\/www.otiad.org.tr\/ar\/wp-json\/wp\/v2\/media?parent=3547"}],"wp:term":[{"taxonomy":"category","embeddable":true,"href":"https:\/\/www.otiad.org.tr\/ar\/wp-json\/wp\/v2\/categories?post=3547"},{"taxonomy":"post_tag","embeddable":true,"href":"https:\/\/www.otiad.org.tr\/ar\/wp-json\/wp\/v2\/tags?post=3547"}],"curies":[{"name":"wp","href":"https:\/\/api.w.org\/{rel}","templated":true}]}}