{"id":3519,"date":"2014-09-16T16:07:06","date_gmt":"2014-09-16T13:07:06","guid":{"rendered":"https:\/\/www.otiad.org.tr\/?p=3519"},"modified":"2023-07-13T16:07:25","modified_gmt":"2023-07-13T13:07:25","slug":"otiad-guney-korede","status":"publish","type":"post","link":"https:\/\/www.otiad.org.tr\/ar\/16\/09\/2014\/16\/07\/otiad-guney-korede\/","title":{"rendered":"\u0623\u0648\u062a\u064a\u0627\u062f \u0641\u064a \u0643\u0648\u0631\u064a\u0627 \u0627\u0644\u062c\u0646\u0648\u0628\u064a\u0629..."},"content":{"rendered":"<p>\u0634\u0627\u0631\u0643\u062a \u0634\u0631\u0643\u0629 OT\u0130AD \u0641\u064a \"\u0645\u0624\u062a\u0645\u0631 \u062a\u0635\u062f\u064a\u0631 \u0627\u0644\u0645\u0646\u0633\u0648\u062c\u0627\u062a \u0628\u064a\u0646 \u0643\u0648\u0631\u064a\u0627 \u0627\u0644\u062c\u0646\u0648\u0628\u064a\u0629 \u0648\u062a\u0631\u0643\u064a\u0627 \u0644\u0639\u0627\u0645 2014\" \u0627\u0644\u0630\u064a \u062a\u0645 \u062a\u0646\u0638\u064a\u0645\u0647 \u0641\u064a \u062c\u064a\u0648\u0646\u062c\u062c\u0648 \u0628\u0643\u0648\u0631\u064a\u0627 \u0627\u0644\u062c\u0646\u0648\u0628\u064a\u0629 \u0628\u062f\u0639\u0648\u0629 \u0645\u0646 \u062c\u0645\u0639\u064a\u0629 \u0635\u0646\u0627\u0639\u064a\u064a \u0627\u0644\u0645\u0646\u0633\u0648\u062c\u0627\u062a \u0641\u064a \u062f\u0627\u064a\u062c\u0648 \u062c\u064a\u0648\u0646\u062c\u0628\u0648\u0643.<\/p>\n\n\n\n<pre class=\"wp-block-code\"><code>      G\u00fcney Kore tekstil \u00fcreticileri ile T\u00fcrkiye\u2019den kuma\u015fithalat\u00e7\u0131s\u0131 firmalar\u0131n\u0131 bir araya getiren konferans, her iki \u00fclkenin tekstilcilerini bir araya getirmeyi ama\u00e7land\u0131\u011f\u0131 belirtildi. OT\u0130AD\u2019\u0131 temsilen Ba\u015fkan Yard\u0131mc\u0131s\u0131 Kutbettin Ayy\u0131ld\u0131z, Y\u00f6netim Kurulu \u00dcyesi Tamer Pala ve Mustafa S\u00fcrmeg\u00f6z kat\u0131ld\u0131. Yo\u011fun temaslar\u0131n ger\u00e7ekle\u015fti\u011fi konferansta G\u00fcney Kore\u2019li tekstilciler Osmanbey\u2019i yak\u0131ndan tan\u0131ma f\u0131rsat\u0131 buldu. T\u00fcrkiye haz\u0131r giym sekt\u00f6r\u00fcn\u00fcn katetti\u011fi a\u015famay\u0131 ilgiyle takip ettiklerini s\u00f6yleyen Koreliler, bunu ticarete d\u00f6n\u00fc\u015ft\u00fcrmenin \u00f6nemine vurgu yapt\u0131.\n\n      Daegu Gyeongbuk Tekstil Sanayciler Derne\u011fi ba\u015fkan\u0131 EuiYeol Lee; konferans\u0131n a\u00e7\u0131l\u0131\u015fkonu\u015fmas\u0131nda s\u00f6zlerine \u201cKarde\u015f\u00fclke T\u00fcrkiye\u2019den iki \u00fclke tekstil sanayisinin i\u015fbirli\u011fi geli\u015fmesi i\u00e7in bu etkinli\u011fe kat\u0131lan T\u00fcrk misafirimizi i\u00e7tenlikle ho\u015fgeldiniz\u201d diyerek ba\u015flad\u0131, kat\u0131l\u0131mlar\u0131ndan dolay\u0131 OT\u0130AD\u2019a \u015f\u00fckranlar\u0131n\u0131 sundu konu\u015fmas\u0131nda: \u201cSon zamanlarda d\u00fcnya tektil ticaretinin merkezi olma \u00f6zelli\u011fini ta\u015f\u0131makta olan T\u00fcrkiye ve Kore\u2019nin tekstil sanayisi 2013 Serbest Ticaret Anla\u015fmas\u0131\u2019n\u0131n (STA) y\u00fcrl\u00fc\u011fe girmesi ile d\u00fcnya tekstil pazar\u0131nda yeni bir partner olarak iki taraf aras\u0131nda i\u015fbirli\u011fi art\u0131rmas\u0131 ve rol\u00fcn\u00fcn daha da g\u00fc\u00e7lendirmesi beklenmektedir. \u00d6zellikle bu konferans\u0131n, iki \u00fclke aras\u0131nda i\u015fbirli\u011fine \u00f6nemli katk\u0131da bulunaca\u011f\u0131n\u0131 \u00fcmit ediyorum\u201d dile\u011finde bulundu.\n\n\n      Osmanbey ve OT\u0130AD G\u00fcney Kore\u2019de\n\n      S\u00f6zlerine \u201c8 bin kilometre uzakl\u0131kta bulunmas\u0131na kar\u0131\u015f\u0131n; T\u00fcrkiye halk\u0131n\u0131n en \u00e7ok sempati duydu\u011fu \u00fclkeniz G\u00fcney Kore\u2019ye selam getirdim\u201d diyerek ba\u015flayan OT\u0130AD Y\u00f6netim Kurulu Ba\u015fkan Yard\u0131mc\u0131s\u0131 Kutbettin Ayy\u0131ld\u0131z davetlerinden dolay\u0131 Konferans Yetkililerine te\u015fekk\u00fcr etti. Osmanbey ve OT\u0130AD hakk\u0131nda bilgi veren Ayy\u0131ld\u0131z, \u201cSon y\u0131llar\u0131n y\u00fckselen de\u011feri G\u00fcney Kore ile tarihi bir ge\u00e7mi\u015fimiz oldu\u011funun bilinciyle bug\u00fcn buraday\u0131z. Burada bulunmam\u0131z\u0131n sadece ticari bir ili\u015fkinin \u00f6tesinde \u2018dost\u2019 bir \u00fclkeye gelmi\u015f olman\u0131n da yaratt\u0131\u011f\u0131 heyecan ve mutluluk var. \u00dclkelerimiz aras\u0131ndaki ili\u015fkilerin \u00e7ok b\u00fcy\u00fck \u00f6nem ta\u015f\u0131d\u0131\u011f\u0131n\u0131 biliyoruz, bunun daha da iyi bir noktaya ta\u015f\u0131nabilece\u011fine de ayr\u0131ca inan\u0131yoruz.\n\n      \u00d6zellikle son on y\u0131ll\u0131k d\u00f6nemde her iki \u00fclkenin de ikili ili\u015fkileri ilerletme y\u00f6n\u00fcnde g\u00fc\u00e7l\u00fc bir irade ortaya koydu\u011funu g\u00f6r\u00fcyoruz. Kar\u015f\u0131l\u0131kl\u0131 ger\u00e7ekle\u015fen \u00fcst d\u00fczey ziyaretler \u00f6nceki d\u00f6nemlerle k\u0131yaslanamayacak yo\u011funlukta; uluslararas\u0131 alanda da iki \u00fclke aras\u0131ndaki ili\u015fkilerin vesileleri artmaya ba\u015flad\u0131 bu var olan iklimi daha da g\u00fczelle\u015ftiren bir durum.\n\n      Bundan sonraki hedefimiz, iki \u00fclke aras\u0131nda 7 milyar dolar civar\u0131nda olan ticaret hacmini art\u0131rmak; var olan ili\u015fkilerimizi daha da \u00fcst noktalara ta\u015f\u0131mak olmal\u0131d\u0131r\u201d diye konu\u015ftu.\n\n      G\u00fcney Kore ile T\u00fcrkiye aras\u0131ndaki tarihi dostlu\u011fa vurgu yapan Ayy\u0131ld\u0131z; \u201c\u00dclkemiz aleyhine \u00e7ok oranl\u0131 a\u00e7\u0131k makas \u015feklinde seyreden d\u0131\u015f ticaret a\u00e7\u0131\u011f\u0131n\u0131n dengeli bir yap\u0131ya kavu\u015fturulmas\u0131, i\u015fadamlar\u0131m\u0131z aras\u0131ndaki i\u015fbirli\u011fi imk\u00e2nlar\u0131n\u0131n g\u00fc\u00e7lendirilmesiyle \u00fclkemizdeki Kore yat\u0131r\u0131mlar\u0131n\u0131n art\u0131r\u0131lmas\u0131n\u0131 bekliyoruz\u201d dedi.\n\n      OT\u0130AD \u00f6nc\u00fcl\u00fc\u011f\u00fcnde 22 firman\u0131n kat\u0131l\u0131m\u0131yla ger\u00e7ekle\u015fen Konferans; \u201c\u0130stanbul in Gyeongju\u201d a\u00e7\u0131l\u0131\u015f t\u00f6reni ve gala yeme\u011fi ile yo\u011fun bir T\u00fcrkiye ve Osmanbey tan\u0131t\u0131m faaliyetine d\u00f6n\u00fc\u015ft\u00fc.\n\n\n      \u201cYeni bir yolculuk ba\u015fl\u0131yor\u201d\n\n      \u00d6te yandan \u201c\u0130stanbul Kore\u2019de 2014\u201d etkinliklerine de kat\u0131lan OT\u0130AD heyeti Gyeongju\u2019daki a\u00e7\u0131l\u0131\u015fta bulunarak \u0130stanbul B\u00fcy\u00fck\u015fehir Belediye Ba\u015fkan\u0131 Kadir Topba\u015f ile birlikte     a\u00e7\u0131l\u0131\u015f kurdalesi kesti. \u0130stanbul B\u00fcy\u00fck\u015fehir Belediyesi \"\u0130stanbul Kore\u2019de 2014\" organizasyonuyla Kore Cumhuriyeti\u2019nin 3 kentinde kapsaml\u0131 bir T\u00fcrkiye tan\u0131t\u0131m\u0131 ger\u00e7ekle\u015ftiridi. \u201c\u0130stanbul Kore\u2019de 2014\" ba\u015fl\u0131\u011f\u0131yla d\u00fczenlenen etkinliklerin slogan\u0131 \u201cYeni bir yolculuk ba\u015fl\u0131yor\u201d olarak belirlendi. Organizasyon ge\u00e7en y\u0131l G.Kore\u2019nin \u0130stanbul\u2019da d\u00fczenledi\u011fi ve yakla\u015f\u0131k 1 ay s\u00fcren Expo etkinliklerinin devam\u0131 niteli\u011fi olarak planland\u0131.\n\n\n      22 firma konfernasta T\u00fcrkiye\u2019yi temsil etti\n\n      Halil Tekstil, Hasteks Tekstil, Yurt Kuma\u015f Tekstil, Juniorpala Tekstil, Ak\u00e7alar Tekstil, Tual Tekstil,Tual Tekstil, Erler Tekstil, Canteks, \u00c7elik Tekstil, Beteks Kuma\u015f\u00e7\u0131l\u0131k, Diamond Tekstil, GAP Tekstil, Naml\u0131 Tekstil, Ersen Tekstil, Asesa, Beyaz \u0130pek, G\u00fcm\u00fc\u015f Tekstil, Hamid, Dilan Tekstil, AtasoyluTekstil, Mirsultan Tekstil, Mekke Tekstil.<\/code><\/pre>","protected":false},"excerpt":{"rendered":"<p class=\"tx-excerpt\">\u0634\u0627\u0631\u0643\u062a \u0634\u0631\u0643\u0629 OT\u0130AD \u0641\u064a \"\u0645\u0624\u062a\u0645\u0631 \u062a\u0635\u062f\u064a\u0631 \u0627\u0644\u0645\u0646\u0633\u0648\u062c\u0627\u062a \u0628\u064a\u0646 \u0643\u0648\u0631\u064a\u0627 \u0627\u0644\u062c\u0646\u0648\u0628\u064a\u0629 \u0648\u062a\u0631\u0643\u064a\u0627 \u0644\u0639\u0627\u0645 2014\" \u0627\u0644\u0630\u064a \u062a\u0645 \u062a\u0646\u0638\u064a\u0645\u0647 \u0641\u064a \u062c\u064a\u0648\u0646\u062c\u062c\u0648 \u0628\u0643\u0648\u0631\u064a\u0627 \u0627\u0644\u062c\u0646\u0648\u0628\u064a\u0629 \u0628\u062f\u0639\u0648\u0629 \u0645\u0646 \u062c\u0645\u0639\u064a\u0629 \u0635\u0646\u0627\u0639\u064a\u064a \u0627\u0644\u0645\u0646\u0633\u0648\u062c\u0627\u062a \u0641\u064a \u062f\u0627\u064a\u062c\u0648 \u062c\u064a\u0648\u0646\u062c\u0628\u0648\u0643.\n<\/p>","protected":false},"author":1,"featured_media":0,"comment_status":"open","ping_status":"open","sticky":false,"template":"","format":"standard","meta":{"footnotes":""},"categories":[3],"tags":[],"class_list":["post-3519","post","type-post","status-publish","format-standard","hentry","category-duyurular"],"_links":{"self":[{"href":"https:\/\/www.otiad.org.tr\/ar\/wp-json\/wp\/v2\/posts\/3519","targetHints":{"allow":["GET"]}}],"collection":[{"href":"https:\/\/www.otiad.org.tr\/ar\/wp-json\/wp\/v2\/posts"}],"about":[{"href":"https:\/\/www.otiad.org.tr\/ar\/wp-json\/wp\/v2\/types\/post"}],"author":[{"embeddable":true,"href":"https:\/\/www.otiad.org.tr\/ar\/wp-json\/wp\/v2\/users\/1"}],"replies":[{"embeddable":true,"href":"https:\/\/www.otiad.org.tr\/ar\/wp-json\/wp\/v2\/comments?post=3519"}],"version-history":[{"count":1,"href":"https:\/\/www.otiad.org.tr\/ar\/wp-json\/wp\/v2\/posts\/3519\/revisions"}],"predecessor-version":[{"id":3520,"href":"https:\/\/www.otiad.org.tr\/ar\/wp-json\/wp\/v2\/posts\/3519\/revisions\/3520"}],"wp:attachment":[{"href":"https:\/\/www.otiad.org.tr\/ar\/wp-json\/wp\/v2\/media?parent=3519"}],"wp:term":[{"taxonomy":"category","embeddable":true,"href":"https:\/\/www.otiad.org.tr\/ar\/wp-json\/wp\/v2\/categories?post=3519"},{"taxonomy":"post_tag","embeddable":true,"href":"https:\/\/www.otiad.org.tr\/ar\/wp-json\/wp\/v2\/tags?post=3519"}],"curies":[{"name":"wp","href":"https:\/\/api.w.org\/{rel}","templated":true}]}}